{"id":1684,"date":"2026-08-30T08:43:57","date_gmt":"2026-08-30T06:43:57","guid":{"rendered":"https:\/\/www.klikploce.com.hr\/gradac\/?p=1684"},"modified":"2026-08-30T08:44:29","modified_gmt":"2026-08-30T06:44:29","slug":"clanovi-hpd-a-adrion-gradac-osvojili-vrhove-svicarskih-alpa-i-apenina","status":"publish","type":"post","link":"https:\/\/www.klikploce.com.hr\/gradac\/clanovi-hpd-a-adrion-gradac-osvojili-vrhove-svicarskih-alpa-i-apenina\/","title":{"rendered":"\u010clanovi HPD-a Adrion Gradac osvojili vrhove \u0161vicarskih Alpa i Apenina"},"content":{"rendered":"<p>\u010clanovi HPD Adrion Gradac nastavljaju nizati zapa\u017eene planinarske uspjehe, a ovoga puta uspje\u0161no su savladali dva vrhunska cilja \u2013 jedan u \u0161vicarskim Alpama, a drugi na Apeninima.<\/p>\n<p>Sini\u0161a Grgec popeo se na Alphubel, visok 4.206 metara, u \u0161vicarskim Peninskim Alpama. Vrh se nalazi izme\u0111u dolina Zermatt i Saas te je dio masiva Mischabel. Posebno je prepoznatljiv po \u0161irokom, gotovo ravnom vr\u0161nom platou prekrivenom ledom.<\/p>\n<p style=\"text-align: center;\"><img loading=\"lazy\" decoding=\"async\" class=\"aligncenter size-full wp-image-1685\" src=\"https:\/\/www.klikploce.com.hr\/gradac\/wp-content\/uploads\/2026\/08\/FB_IMG_1788071775101.jpg\" alt=\"\" width=\"1536\" height=\"2048\" \/><\/p>\n<p>Istodobno, Hrvoje Andrija\u0161evi\u0107 osvojio je Corno Grande, najvi\u0161i vrh Apenina visok 2.912 metara. Smje\u0161ten je u masivu Gran Sasso, u talijanskoj regiji Abruzzo, a poznat je po impresivnim stjenovitim liticama i atraktivnom planinskom krajoliku.<\/p>\n<p style=\"text-align: center;\"><img loading=\"lazy\" decoding=\"async\" class=\"aligncenter size-full wp-image-1686\" src=\"https:\/\/www.klikploce.com.hr\/gradac\/wp-content\/uploads\/2026\/08\/FB_IMG_1788071771491.jpg\" alt=\"\" width=\"1200\" height=\"1600\" \/><\/p>\n<p>Iz HPD-a Adrion Gradac svojim su \u010dlanovima uputili \u010destitke na uspje\u0161nim usponima, uz poruku da je rije\u010d o jo\u0161 dva lijepa planinarska pothvata koja potvr\u0111uju predanost \u010dlanova planinama i izazovima koje one pru\u017eaju.<\/p>\n<p style=\"text-align: center;\">\n","protected":false},"excerpt":{"rendered":"<p>\u010clanovi HPD Adrion Gradac nastavljaju nizati zapa\u017eene planinarske uspjehe, a ovoga puta uspje\u0161no su savladali dva vrhunska cilja \u2013 jedan u \u0161vicarskim Alpama, a drugi na Apeninima. Sini\u0161a Grgec popeo se na Alphubel, visok 4.206 metara, u \u0161vicarskim Peninskim Alpama. Vrh se nalazi izme\u0111u dolina Zermatt i Saas te je dio masiva Mischabel. Posebno je prepoznatljiv po \u0161irokom, gotovo ravnom vr\u0161nom platou prekrivenom ledom. Istodobno, Hrvoje Andrija\u0161evi\u0107 osvojio je Corno Grande, najvi\u0161i vrh Apenina visok 2.912 metara. Smje\u0161ten je u masivu Gran Sasso, u talijanskoj regiji Abruzzo, a poznat je po impresivnim stjenovitim liticama i atraktivnom planinskom krajoliku. Iz HPD-a [&hellip;]<\/p>\n","protected":false},"author":1,"featured_media":1687,"comment_status":"closed","ping_status":"closed","sticky":false,"template":"","format":"standard","meta":{"footnotes":""},"categories":[7,6],"tags":[35],"class_list":["post-1684","post","type-post","status-publish","format-standard","has-post-thumbnail","hentry","category-gradac","category-izdvojeno","tag-hpd-adrion"],"yoast_head":"<!-- This site is optimized with the Yoast SEO plugin v24.4 - https:\/\/yoast.com\/wordpress\/plugins\/seo\/ -->\n<title>\u010clanovi HPD-a Adrion Gradac osvojili vrhove \u0161vicarskih Alpa i Apenina - Klik Gradac<\/title>\n<meta name=\"robots\" content=\"index, follow, max-snippet:-1, max-image-preview:large, max-video-preview:-1\" \/>\n<link rel=\"canonical\" href=\"https:\/\/www.klikploce.com.hr\/gradac\/clanovi-hpd-a-adrion-gradac-osvojili-vrhove-svicarskih-alpa-i-apenina\/\" \/>\n<meta property=\"og:locale\" content=\"hr_HR\" \/>\n<meta property=\"og:type\" content=\"article\" \/>\n<meta property=\"og:title\" content=\"\u010clanovi HPD-a Adrion Gradac osvojili vrhove \u0161vicarskih Alpa i Apenina - Klik Gradac\" \/>\n<meta property=\"og:description\" content=\"\u010clanovi HPD Adrion Gradac nastavljaju nizati zapa\u017eene planinarske uspjehe, a ovoga puta uspje\u0161no su savladali dva vrhunska cilja \u2013 jedan u \u0161vicarskim Alpama, a drugi na Apeninima. Sini\u0161a Grgec popeo se na Alphubel, visok 4.206 metara, u \u0161vicarskim Peninskim Alpama. Vrh se nalazi izme\u0111u dolina Zermatt i Saas te je dio masiva Mischabel. Posebno je prepoznatljiv po \u0161irokom, gotovo ravnom vr\u0161nom platou prekrivenom ledom. Istodobno, Hrvoje Andrija\u0161evi\u0107 osvojio je Corno Grande, najvi\u0161i vrh Apenina visok 2.912 metara. Smje\u0161ten je u masivu Gran Sasso, u talijanskoj regiji Abruzzo, a poznat je po impresivnim stjenovitim liticama i atraktivnom planinskom krajoliku. Iz HPD-a [&hellip;]\" \/>\n<meta property=\"og:url\" content=\"https:\/\/www.klikploce.com.hr\/gradac\/clanovi-hpd-a-adrion-gradac-osvojili-vrhove-svicarskih-alpa-i-apenina\/\" \/>\n<meta property=\"og:site_name\" content=\"Klik Gradac\" \/>\n<meta property=\"article:publisher\" content=\"https:\/\/www.facebook.com\/OpcinaGradac\" \/>\n<meta property=\"article:published_time\" content=\"2026-08-30T06:43:57+00:00\" \/>\n<meta property=\"article:modified_time\" content=\"2026-08-30T06:44:29+00:00\" \/>\n<meta property=\"og:image\" content=\"https:\/\/www.klikploce.com.hr\/gradac\/wp-content\/uploads\/2026\/08\/GridArt_20260830_084211566-scaled.jpg\" \/>\n\t<meta property=\"og:image:width\" content=\"2560\" \/>\n\t<meta property=\"og:image:height\" content=\"2048\" \/>\n\t<meta property=\"og:image:type\" content=\"image\/jpeg\" \/>\n<meta name=\"author\" content=\"Klik Gradac\" \/>\n<meta name=\"twitter:card\" content=\"summary_large_image\" \/>\n<meta name=\"twitter:label1\" content=\"Napisao\/la\" \/>\n\t<meta name=\"twitter:data1\" content=\"Klik Gradac\" \/>\n\t<meta name=\"twitter:label2\" content=\"Procijenjeno vrijeme \u010ditanja\" \/>\n\t<meta name=\"twitter:data2\" content=\"2 minute\" \/>\n<script type=\"application\/ld+json\" class=\"yoast-schema-graph\">{\"@context\":\"https:\/\/schema.org\",\"@graph\":[{\"@type\":\"Article\",\"@id\":\"https:\/\/www.klikploce.com.hr\/gradac\/clanovi-hpd-a-adrion-gradac-osvojili-vrhove-svicarskih-alpa-i-apenina\/#article\",\"isPartOf\":{\"@id\":\"https:\/\/www.klikploce.com.hr\/gradac\/clanovi-hpd-a-adrion-gradac-osvojili-vrhove-svicarskih-alpa-i-apenina\/\"},\"author\":{\"name\":\"Klik Gradac\",\"@id\":\"https:\/\/www.klikploce.com.hr\/gradac\/#\/schema\/person\/4aa60e5ded58973d7970d3a3c4d37e4d\"},\"headline\":\"\u010clanovi HPD-a Adrion Gradac osvojili vrhove \u0161vicarskih Alpa i Apenina\",\"datePublished\":\"2026-08-30T06:43:57+00:00\",\"dateModified\":\"2026-08-30T06:44:29+00:00\",\"mainEntityOfPage\":{\"@id\":\"https:\/\/www.klikploce.com.hr\/gradac\/clanovi-hpd-a-adrion-gradac-osvojili-vrhove-svicarskih-alpa-i-apenina\/\"},\"wordCount\":149,\"publisher\":{\"@id\":\"https:\/\/www.klikploce.com.hr\/gradac\/#organization\"},\"image\":{\"@id\":\"https:\/\/www.klikploce.com.hr\/gradac\/clanovi-hpd-a-adrion-gradac-osvojili-vrhove-svicarskih-alpa-i-apenina\/#primaryimage\"},\"thumbnailUrl\":\"https:\/\/www.klikploce.com.hr\/gradac\/wp-content\/uploads\/2026\/08\/GridArt_20260830_084211566-scaled.jpg\",\"keywords\":[\"hpd adrion\"],\"articleSection\":[\"Gradac\",\"Izdvojeno\"],\"inLanguage\":\"hr\"},{\"@type\":\"WebPage\",\"@id\":\"https:\/\/www.klikploce.com.hr\/gradac\/clanovi-hpd-a-adrion-gradac-osvojili-vrhove-svicarskih-alpa-i-apenina\/\",\"url\":\"https:\/\/www.klikploce.com.hr\/gradac\/clanovi-hpd-a-adrion-gradac-osvojili-vrhove-svicarskih-alpa-i-apenina\/\",\"name\":\"\u010clanovi HPD-a Adrion Gradac osvojili vrhove \u0161vicarskih Alpa i Apenina - Klik Gradac\",\"isPartOf\":{\"@id\":\"https:\/\/www.klikploce.com.hr\/gradac\/#website\"},\"primaryImageOfPage\":{\"@id\":\"https:\/\/www.klikploce.com.hr\/gradac\/clanovi-hpd-a-adrion-gradac-osvojili-vrhove-svicarskih-alpa-i-apenina\/#primaryimage\"},\"image\":{\"@id\":\"https:\/\/www.klikploce.com.hr\/gradac\/clanovi-hpd-a-adrion-gradac-osvojili-vrhove-svicarskih-alpa-i-apenina\/#primaryimage\"},\"thumbnailUrl\":\"https:\/\/www.klikploce.com.hr\/gradac\/wp-content\/uploads\/2026\/08\/GridArt_20260830_084211566-scaled.jpg\",\"datePublished\":\"2026-08-30T06:43:57+00:00\",\"dateModified\":\"2026-08-30T06:44:29+00:00\",\"breadcrumb\":{\"@id\":\"https:\/\/www.klikploce.com.hr\/gradac\/clanovi-hpd-a-adrion-gradac-osvojili-vrhove-svicarskih-alpa-i-apenina\/#breadcrumb\"},\"inLanguage\":\"hr\",\"potentialAction\":[{\"@type\":\"ReadAction\",\"target\":[\"https:\/\/www.klikploce.com.hr\/gradac\/clanovi-hpd-a-adrion-gradac-osvojili-vrhove-svicarskih-alpa-i-apenina\/\"]}]},{\"@type\":\"ImageObject\",\"inLanguage\":\"hr\",\"@id\":\"https:\/\/www.klikploce.com.hr\/gradac\/clanovi-hpd-a-adrion-gradac-osvojili-vrhove-svicarskih-alpa-i-apenina\/#primaryimage\",\"url\":\"https:\/\/www.klikploce.com.hr\/gradac\/wp-content\/uploads\/2026\/08\/GridArt_20260830_084211566-scaled.jpg\",\"contentUrl\":\"https:\/\/www.klikploce.com.hr\/gradac\/wp-content\/uploads\/2026\/08\/GridArt_20260830_084211566-scaled.jpg\",\"width\":2560,\"height\":2048},{\"@type\":\"BreadcrumbList\",\"@id\":\"https:\/\/www.klikploce.com.hr\/gradac\/clanovi-hpd-a-adrion-gradac-osvojili-vrhove-svicarskih-alpa-i-apenina\/#breadcrumb\",\"itemListElement\":[{\"@type\":\"ListItem\",\"position\":1,\"name\":\"Po\u010detna stranica\",\"item\":\"https:\/\/www.klikploce.com.hr\/gradac\/\"},{\"@type\":\"ListItem\",\"position\":2,\"name\":\"\u010clanovi HPD-a Adrion Gradac osvojili vrhove \u0161vicarskih Alpa i Apenina\"}]},{\"@type\":\"WebSite\",\"@id\":\"https:\/\/www.klikploce.com.hr\/gradac\/#website\",\"url\":\"https:\/\/www.klikploce.com.hr\/gradac\/\",\"name\":\"Klik Gradac\",\"description\":\"Klik Gradac\",\"publisher\":{\"@id\":\"https:\/\/www.klikploce.com.hr\/gradac\/#organization\"},\"alternateName\":\"Klik Gradac\",\"potentialAction\":[{\"@type\":\"SearchAction\",\"target\":{\"@type\":\"EntryPoint\",\"urlTemplate\":\"https:\/\/www.klikploce.com.hr\/gradac\/?s={search_term_string}\"},\"query-input\":{\"@type\":\"PropertyValueSpecification\",\"valueRequired\":true,\"valueName\":\"search_term_string\"}}],\"inLanguage\":\"hr\"},{\"@type\":\"Organization\",\"@id\":\"https:\/\/www.klikploce.com.hr\/gradac\/#organization\",\"name\":\"Klik Gradac\",\"url\":\"https:\/\/www.klikploce.com.hr\/gradac\/\",\"logo\":{\"@type\":\"ImageObject\",\"inLanguage\":\"hr\",\"@id\":\"https:\/\/www.klikploce.com.hr\/gradac\/#\/schema\/logo\/image\/\",\"url\":\"https:\/\/www.klikploce.com.hr\/gradac\/wp-content\/uploads\/2025\/02\/KLIKGRADAC.png\",\"contentUrl\":\"https:\/\/www.klikploce.com.hr\/gradac\/wp-content\/uploads\/2025\/02\/KLIKGRADAC.png\",\"width\":849,\"height\":222,\"caption\":\"Klik Gradac\"},\"image\":{\"@id\":\"https:\/\/www.klikploce.com.hr\/gradac\/#\/schema\/logo\/image\/\"},\"sameAs\":[\"https:\/\/www.facebook.com\/OpcinaGradac\"]},{\"@type\":\"Person\",\"@id\":\"https:\/\/www.klikploce.com.hr\/gradac\/#\/schema\/person\/4aa60e5ded58973d7970d3a3c4d37e4d\",\"name\":\"Klik Gradac\",\"image\":{\"@type\":\"ImageObject\",\"inLanguage\":\"hr\",\"@id\":\"https:\/\/www.klikploce.com.hr\/gradac\/#\/schema\/person\/image\/\",\"url\":\"https:\/\/secure.gravatar.com\/avatar\/d0ba1d36b11e80fab3d03d6f36ae42d9ea24590c134e8ec7d92fe7c6041b4da0?s=96&d=mm&r=g\",\"contentUrl\":\"https:\/\/secure.gravatar.com\/avatar\/d0ba1d36b11e80fab3d03d6f36ae42d9ea24590c134e8ec7d92fe7c6041b4da0?s=96&d=mm&r=g\",\"caption\":\"Klik Gradac\"},\"sameAs\":[\"https:\/\/www.klikploce.com.hr\/gradac\",\"dino.dobos\"],\"url\":\"https:\/\/www.klikploce.com.hr\/gradac\/author\/admingr\/\"}]}<\/script>\n<!-- \/ Yoast SEO plugin. -->","yoast_head_json":{"title":"\u010clanovi HPD-a Adrion Gradac osvojili vrhove \u0161vicarskih Alpa i Apenina - Klik Gradac","robots":{"index":"index","follow":"follow","max-snippet":"max-snippet:-1","max-image-preview":"max-image-preview:large","max-video-preview":"max-video-preview:-1"},"canonical":"https:\/\/www.klikploce.com.hr\/gradac\/clanovi-hpd-a-adrion-gradac-osvojili-vrhove-svicarskih-alpa-i-apenina\/","og_locale":"hr_HR","og_type":"article","og_title":"\u010clanovi HPD-a Adrion Gradac osvojili vrhove \u0161vicarskih Alpa i Apenina - Klik Gradac","og_description":"\u010clanovi HPD Adrion Gradac nastavljaju nizati zapa\u017eene planinarske uspjehe, a ovoga puta uspje\u0161no su savladali dva vrhunska cilja \u2013 jedan u \u0161vicarskim Alpama, a drugi na Apeninima. Sini\u0161a Grgec popeo se na Alphubel, visok 4.206 metara, u \u0161vicarskim Peninskim Alpama. Vrh se nalazi izme\u0111u dolina Zermatt i Saas te je dio masiva Mischabel. Posebno je prepoznatljiv po \u0161irokom, gotovo ravnom vr\u0161nom platou prekrivenom ledom. Istodobno, Hrvoje Andrija\u0161evi\u0107 osvojio je Corno Grande, najvi\u0161i vrh Apenina visok 2.912 metara. Smje\u0161ten je u masivu Gran Sasso, u talijanskoj regiji Abruzzo, a poznat je po impresivnim stjenovitim liticama i atraktivnom planinskom krajoliku. Iz HPD-a [&hellip;]","og_url":"https:\/\/www.klikploce.com.hr\/gradac\/clanovi-hpd-a-adrion-gradac-osvojili-vrhove-svicarskih-alpa-i-apenina\/","og_site_name":"Klik Gradac","article_publisher":"https:\/\/www.facebook.com\/OpcinaGradac","article_published_time":"2026-08-30T06:43:57+00:00","article_modified_time":"2026-08-30T06:44:29+00:00","og_image":[{"width":2560,"height":2048,"url":"https:\/\/www.klikploce.com.hr\/gradac\/wp-content\/uploads\/2026\/08\/GridArt_20260830_084211566-scaled.jpg","type":"image\/jpeg"}],"author":"Klik Gradac","twitter_card":"summary_large_image","twitter_misc":{"Napisao\/la":"Klik Gradac","Procijenjeno vrijeme \u010ditanja":"2 minute"},"schema":{"@context":"https:\/\/schema.org","@graph":[{"@type":"Article","@id":"https:\/\/www.klikploce.com.hr\/gradac\/clanovi-hpd-a-adrion-gradac-osvojili-vrhove-svicarskih-alpa-i-apenina\/#article","isPartOf":{"@id":"https:\/\/www.klikploce.com.hr\/gradac\/clanovi-hpd-a-adrion-gradac-osvojili-vrhove-svicarskih-alpa-i-apenina\/"},"author":{"name":"Klik Gradac","@id":"https:\/\/www.klikploce.com.hr\/gradac\/#\/schema\/person\/4aa60e5ded58973d7970d3a3c4d37e4d"},"headline":"\u010clanovi HPD-a Adrion Gradac osvojili vrhove \u0161vicarskih Alpa i Apenina","datePublished":"2026-08-30T06:43:57+00:00","dateModified":"2026-08-30T06:44:29+00:00","mainEntityOfPage":{"@id":"https:\/\/www.klikploce.com.hr\/gradac\/clanovi-hpd-a-adrion-gradac-osvojili-vrhove-svicarskih-alpa-i-apenina\/"},"wordCount":149,"publisher":{"@id":"https:\/\/www.klikploce.com.hr\/gradac\/#organization"},"image":{"@id":"https:\/\/www.klikploce.com.hr\/gradac\/clanovi-hpd-a-adrion-gradac-osvojili-vrhove-svicarskih-alpa-i-apenina\/#primaryimage"},"thumbnailUrl":"https:\/\/www.klikploce.com.hr\/gradac\/wp-content\/uploads\/2026\/08\/GridArt_20260830_084211566-scaled.jpg","keywords":["hpd adrion"],"articleSection":["Gradac","Izdvojeno"],"inLanguage":"hr"},{"@type":"WebPage","@id":"https:\/\/www.klikploce.com.hr\/gradac\/clanovi-hpd-a-adrion-gradac-osvojili-vrhove-svicarskih-alpa-i-apenina\/","url":"https:\/\/www.klikploce.com.hr\/gradac\/clanovi-hpd-a-adrion-gradac-osvojili-vrhove-svicarskih-alpa-i-apenina\/","name":"\u010clanovi HPD-a Adrion Gradac osvojili vrhove \u0161vicarskih Alpa i Apenina - Klik Gradac","isPartOf":{"@id":"https:\/\/www.klikploce.com.hr\/gradac\/#website"},"primaryImageOfPage":{"@id":"https:\/\/www.klikploce.com.hr\/gradac\/clanovi-hpd-a-adrion-gradac-osvojili-vrhove-svicarskih-alpa-i-apenina\/#primaryimage"},"image":{"@id":"https:\/\/www.klikploce.com.hr\/gradac\/clanovi-hpd-a-adrion-gradac-osvojili-vrhove-svicarskih-alpa-i-apenina\/#primaryimage"},"thumbnailUrl":"https:\/\/www.klikploce.com.hr\/gradac\/wp-content\/uploads\/2026\/08\/GridArt_20260830_084211566-scaled.jpg","datePublished":"2026-08-30T06:43:57+00:00","dateModified":"2026-08-30T06:44:29+00:00","breadcrumb":{"@id":"https:\/\/www.klikploce.com.hr\/gradac\/clanovi-hpd-a-adrion-gradac-osvojili-vrhove-svicarskih-alpa-i-apenina\/#breadcrumb"},"inLanguage":"hr","potentialAction":[{"@type":"ReadAction","target":["https:\/\/www.klikploce.com.hr\/gradac\/clanovi-hpd-a-adrion-gradac-osvojili-vrhove-svicarskih-alpa-i-apenina\/"]}]},{"@type":"ImageObject","inLanguage":"hr","@id":"https:\/\/www.klikploce.com.hr\/gradac\/clanovi-hpd-a-adrion-gradac-osvojili-vrhove-svicarskih-alpa-i-apenina\/#primaryimage","url":"https:\/\/www.klikploce.com.hr\/gradac\/wp-content\/uploads\/2026\/08\/GridArt_20260830_084211566-scaled.jpg","contentUrl":"https:\/\/www.klikploce.com.hr\/gradac\/wp-content\/uploads\/2026\/08\/GridArt_20260830_084211566-scaled.jpg","width":2560,"height":2048},{"@type":"BreadcrumbList","@id":"https:\/\/www.klikploce.com.hr\/gradac\/clanovi-hpd-a-adrion-gradac-osvojili-vrhove-svicarskih-alpa-i-apenina\/#breadcrumb","itemListElement":[{"@type":"ListItem","position":1,"name":"Po\u010detna stranica","item":"https:\/\/www.klikploce.com.hr\/gradac\/"},{"@type":"ListItem","position":2,"name":"\u010clanovi HPD-a Adrion Gradac osvojili vrhove \u0161vicarskih Alpa i Apenina"}]},{"@type":"WebSite","@id":"https:\/\/www.klikploce.com.hr\/gradac\/#website","url":"https:\/\/www.klikploce.com.hr\/gradac\/","name":"Klik Gradac","description":"Klik Gradac","publisher":{"@id":"https:\/\/www.klikploce.com.hr\/gradac\/#organization"},"alternateName":"Klik Gradac","potentialAction":[{"@type":"SearchAction","target":{"@type":"EntryPoint","urlTemplate":"https:\/\/www.klikploce.com.hr\/gradac\/?s={search_term_string}"},"query-input":{"@type":"PropertyValueSpecification","valueRequired":true,"valueName":"search_term_string"}}],"inLanguage":"hr"},{"@type":"Organization","@id":"https:\/\/www.klikploce.com.hr\/gradac\/#organization","name":"Klik Gradac","url":"https:\/\/www.klikploce.com.hr\/gradac\/","logo":{"@type":"ImageObject","inLanguage":"hr","@id":"https:\/\/www.klikploce.com.hr\/gradac\/#\/schema\/logo\/image\/","url":"https:\/\/www.klikploce.com.hr\/gradac\/wp-content\/uploads\/2025\/02\/KLIKGRADAC.png","contentUrl":"https:\/\/www.klikploce.com.hr\/gradac\/wp-content\/uploads\/2025\/02\/KLIKGRADAC.png","width":849,"height":222,"caption":"Klik Gradac"},"image":{"@id":"https:\/\/www.klikploce.com.hr\/gradac\/#\/schema\/logo\/image\/"},"sameAs":["https:\/\/www.facebook.com\/OpcinaGradac"]},{"@type":"Person","@id":"https:\/\/www.klikploce.com.hr\/gradac\/#\/schema\/person\/4aa60e5ded58973d7970d3a3c4d37e4d","name":"Klik Gradac","image":{"@type":"ImageObject","inLanguage":"hr","@id":"https:\/\/www.klikploce.com.hr\/gradac\/#\/schema\/person\/image\/","url":"https:\/\/secure.gravatar.com\/avatar\/d0ba1d36b11e80fab3d03d6f36ae42d9ea24590c134e8ec7d92fe7c6041b4da0?s=96&d=mm&r=g","contentUrl":"https:\/\/secure.gravatar.com\/avatar\/d0ba1d36b11e80fab3d03d6f36ae42d9ea24590c134e8ec7d92fe7c6041b4da0?s=96&d=mm&r=g","caption":"Klik Gradac"},"sameAs":["https:\/\/www.klikploce.com.hr\/gradac","dino.dobos"],"url":"https:\/\/www.klikploce.com.hr\/gradac\/author\/admingr\/"}]}},"_links":{"self":[{"href":"https:\/\/www.klikploce.com.hr\/gradac\/wp-json\/wp\/v2\/posts\/1684","targetHints":{"allow":["GET"]}}],"collection":[{"href":"https:\/\/www.klikploce.com.hr\/gradac\/wp-json\/wp\/v2\/posts"}],"about":[{"href":"https:\/\/www.klikploce.com.hr\/gradac\/wp-json\/wp\/v2\/types\/post"}],"author":[{"embeddable":true,"href":"https:\/\/www.klikploce.com.hr\/gradac\/wp-json\/wp\/v2\/users\/1"}],"replies":[{"embeddable":true,"href":"https:\/\/www.klikploce.com.hr\/gradac\/wp-json\/wp\/v2\/comments?post=1684"}],"version-history":[{"count":1,"href":"https:\/\/www.klikploce.com.hr\/gradac\/wp-json\/wp\/v2\/posts\/1684\/revisions"}],"predecessor-version":[{"id":1688,"href":"https:\/\/www.klikploce.com.hr\/gradac\/wp-json\/wp\/v2\/posts\/1684\/revisions\/1688"}],"wp:featuredmedia":[{"embeddable":true,"href":"https:\/\/www.klikploce.com.hr\/gradac\/wp-json\/wp\/v2\/media\/1687"}],"wp:attachment":[{"href":"https:\/\/www.klikploce.com.hr\/gradac\/wp-json\/wp\/v2\/media?parent=1684"}],"wp:term":[{"taxonomy":"category","embeddable":true,"href":"https:\/\/www.klikploce.com.hr\/gradac\/wp-json\/wp\/v2\/categories?post=1684"},{"taxonomy":"post_tag","embeddable":true,"href":"https:\/\/www.klikploce.com.hr\/gradac\/wp-json\/wp\/v2\/tags?post=1684"}],"curies":[{"name":"wp","href":"https:\/\/api.w.org\/{rel}","templated":true}]}}