{"id":1419,"date":"2026-05-01T11:04:59","date_gmt":"2026-05-01T09:04:59","guid":{"rendered":"https:\/\/www.klikploce.com.hr\/gradac\/?p=1419"},"modified":"2026-05-01T11:04:59","modified_gmt":"2026-05-01T09:04:59","slug":"praznik-rada-obiljezen-konkretnim-projektima-nova-djecja-igralista-u-opcini-gradac","status":"publish","type":"post","link":"https:\/\/www.klikploce.com.hr\/gradac\/praznik-rada-obiljezen-konkretnim-projektima-nova-djecja-igralista-u-opcini-gradac\/","title":{"rendered":"Praznik rada obilje\u017een konkretnim projektima: nova dje\u010dja igrali\u0161ta u Op\u0107ini Gradac"},"content":{"rendered":"<p>Povodom Me\u0111unarodnog praznika rada, iz Op\u0107ine Gradac uputili su \u010destitku gra\u0111anima uz poruku da ovaj dan provedu u krugu obitelji i prijatelja, uz osmijeh i odmor.<\/p>\n<p>Umjesto klasi\u010dnih rije\u010di, iz Op\u0107ine su odlu\u010dili blagdan obilje\u017eiti \u2013 djelima. Objavljene su fotografije novih i obnovljenih dje\u010djih igrali\u0161ta koja su realizirana u proteklom razdoblju.<\/p>\n<p>Obnovljeno je igrali\u0161te uz dje\u010dji vrti\u0107 u Gradcu, dok su izgra\u0111ena i dva nova igrali\u0161ta \u2013 u naselju Grma u Gradcu te u Gornjoj Vali u Drveniku. Iz Op\u0107ine isti\u010du kako je broj djece u vrti\u0107u u zna\u010dajnom porastu, s nekada\u0161njih dvadesetak na pribli\u017eno 70 mali\u0161ana danas.<\/p>\n<p>U poruci se tako\u0111er nagla\u0161ava kako na razli\u010dite kritike i prozivke ne odgovaraju polemikama, ve\u0107 konkretnim radom i projektima na terenu.<\/p>\n<p>\u201eNa izazove odgovaramo radom\u201c, poru\u010duju iz Op\u0107ine, najavljuju\u0107i kako \u0107e uskoro predstaviti i druge realizirane projekte, kao i jednu veliku i va\u017enu novost.<\/p>\n<p>Gra\u0111anima su jo\u0161 jednom po\u017eeljeli ugodan i opu\u0161ten Praznik rada.<\/p>\n<p style=\"text-align: center;\"><img loading=\"lazy\" decoding=\"async\" class=\"aligncenter size-full wp-image-1420\" src=\"https:\/\/www.klikploce.com.hr\/gradac\/wp-content\/uploads\/2026\/05\/FB_IMG_1777625344240.jpg\" alt=\"\" width=\"2048\" height=\"1536\" \/> <img loading=\"lazy\" decoding=\"async\" class=\"aligncenter size-full wp-image-1421\" src=\"https:\/\/www.klikploce.com.hr\/gradac\/wp-content\/uploads\/2026\/05\/FB_IMG_1777625341656.jpg\" alt=\"\" width=\"2048\" height=\"1536\" \/> <img loading=\"lazy\" decoding=\"async\" class=\"aligncenter size-full wp-image-1422\" src=\"https:\/\/www.klikploce.com.hr\/gradac\/wp-content\/uploads\/2026\/05\/FB_IMG_1777625339602.jpg\" alt=\"\" width=\"2048\" height=\"1536\" \/> <img loading=\"lazy\" decoding=\"async\" class=\"aligncenter size-full wp-image-1423\" src=\"https:\/\/www.klikploce.com.hr\/gradac\/wp-content\/uploads\/2026\/05\/FB_IMG_1777625337051.jpg\" alt=\"\" width=\"2048\" height=\"1536\" \/><\/p>\n","protected":false},"excerpt":{"rendered":"<p>Povodom Me\u0111unarodnog praznika rada, iz Op\u0107ine Gradac uputili su \u010destitku gra\u0111anima uz poruku da ovaj dan provedu u krugu obitelji i prijatelja, uz osmijeh i odmor. Umjesto klasi\u010dnih rije\u010di, iz Op\u0107ine su odlu\u010dili blagdan obilje\u017eiti \u2013 djelima. Objavljene su fotografije novih i obnovljenih dje\u010djih igrali\u0161ta koja su realizirana u proteklom razdoblju. Obnovljeno je igrali\u0161te uz dje\u010dji vrti\u0107 u Gradcu, dok su izgra\u0111ena i dva nova igrali\u0161ta \u2013 u naselju Grma u Gradcu te u Gornjoj Vali u Drveniku. Iz Op\u0107ine isti\u010du kako je broj djece u vrti\u0107u u zna\u010dajnom porastu, s nekada\u0161njih dvadesetak na pribli\u017eno 70 mali\u0161ana danas. U poruci [&hellip;]<\/p>\n","protected":false},"author":1,"featured_media":1421,"comment_status":"closed","ping_status":"closed","sticky":false,"template":"","format":"standard","meta":{"footnotes":""},"categories":[7,6],"tags":[184,185],"class_list":["post-1419","post","type-post","status-publish","format-standard","has-post-thumbnail","hentry","category-gradac","category-izdvojeno","tag-praznik-rada","tag-prvi-maj"],"yoast_head":"<!-- This site is optimized with the Yoast SEO plugin v24.4 - https:\/\/yoast.com\/wordpress\/plugins\/seo\/ -->\n<title>Praznik rada obilje\u017een konkretnim projektima: nova dje\u010dja igrali\u0161ta u Op\u0107ini Gradac - Klik Gradac<\/title>\n<meta name=\"robots\" content=\"index, follow, max-snippet:-1, max-image-preview:large, max-video-preview:-1\" \/>\n<link rel=\"canonical\" href=\"https:\/\/www.klikploce.com.hr\/gradac\/praznik-rada-obiljezen-konkretnim-projektima-nova-djecja-igralista-u-opcini-gradac\/\" \/>\n<meta property=\"og:locale\" content=\"hr_HR\" \/>\n<meta property=\"og:type\" content=\"article\" \/>\n<meta property=\"og:title\" content=\"Praznik rada obilje\u017een konkretnim projektima: nova dje\u010dja igrali\u0161ta u Op\u0107ini Gradac - Klik Gradac\" \/>\n<meta property=\"og:description\" content=\"Povodom Me\u0111unarodnog praznika rada, iz Op\u0107ine Gradac uputili su \u010destitku gra\u0111anima uz poruku da ovaj dan provedu u krugu obitelji i prijatelja, uz osmijeh i odmor. Umjesto klasi\u010dnih rije\u010di, iz Op\u0107ine su odlu\u010dili blagdan obilje\u017eiti \u2013 djelima. Objavljene su fotografije novih i obnovljenih dje\u010djih igrali\u0161ta koja su realizirana u proteklom razdoblju. Obnovljeno je igrali\u0161te uz dje\u010dji vrti\u0107 u Gradcu, dok su izgra\u0111ena i dva nova igrali\u0161ta \u2013 u naselju Grma u Gradcu te u Gornjoj Vali u Drveniku. Iz Op\u0107ine isti\u010du kako je broj djece u vrti\u0107u u zna\u010dajnom porastu, s nekada\u0161njih dvadesetak na pribli\u017eno 70 mali\u0161ana danas. U poruci [&hellip;]\" \/>\n<meta property=\"og:url\" content=\"https:\/\/www.klikploce.com.hr\/gradac\/praznik-rada-obiljezen-konkretnim-projektima-nova-djecja-igralista-u-opcini-gradac\/\" \/>\n<meta property=\"og:site_name\" content=\"Klik Gradac\" \/>\n<meta property=\"article:publisher\" content=\"https:\/\/www.facebook.com\/OpcinaGradac\" \/>\n<meta property=\"article:published_time\" content=\"2026-05-01T09:04:59+00:00\" \/>\n<meta property=\"og:image\" content=\"https:\/\/www.klikploce.com.hr\/gradac\/wp-content\/uploads\/2026\/05\/FB_IMG_1777625341656.jpg\" \/>\n\t<meta property=\"og:image:width\" content=\"2048\" \/>\n\t<meta property=\"og:image:height\" content=\"1536\" \/>\n\t<meta property=\"og:image:type\" content=\"image\/jpeg\" \/>\n<meta name=\"author\" content=\"Klik Gradac\" \/>\n<meta name=\"twitter:card\" content=\"summary_large_image\" \/>\n<meta name=\"twitter:label1\" content=\"Napisao\/la\" \/>\n\t<meta name=\"twitter:data1\" content=\"Klik Gradac\" \/>\n\t<meta name=\"twitter:label2\" content=\"Procijenjeno vrijeme \u010ditanja\" \/>\n\t<meta name=\"twitter:data2\" content=\"2 minute\" \/>\n<script type=\"application\/ld+json\" class=\"yoast-schema-graph\">{\"@context\":\"https:\/\/schema.org\",\"@graph\":[{\"@type\":\"Article\",\"@id\":\"https:\/\/www.klikploce.com.hr\/gradac\/praznik-rada-obiljezen-konkretnim-projektima-nova-djecja-igralista-u-opcini-gradac\/#article\",\"isPartOf\":{\"@id\":\"https:\/\/www.klikploce.com.hr\/gradac\/praznik-rada-obiljezen-konkretnim-projektima-nova-djecja-igralista-u-opcini-gradac\/\"},\"author\":{\"name\":\"Klik Gradac\",\"@id\":\"https:\/\/www.klikploce.com.hr\/gradac\/#\/schema\/person\/4aa60e5ded58973d7970d3a3c4d37e4d\"},\"headline\":\"Praznik rada obilje\u017een konkretnim projektima: nova dje\u010dja igrali\u0161ta u Op\u0107ini Gradac\",\"datePublished\":\"2026-05-01T09:04:59+00:00\",\"mainEntityOfPage\":{\"@id\":\"https:\/\/www.klikploce.com.hr\/gradac\/praznik-rada-obiljezen-konkretnim-projektima-nova-djecja-igralista-u-opcini-gradac\/\"},\"wordCount\":195,\"publisher\":{\"@id\":\"https:\/\/www.klikploce.com.hr\/gradac\/#organization\"},\"image\":{\"@id\":\"https:\/\/www.klikploce.com.hr\/gradac\/praznik-rada-obiljezen-konkretnim-projektima-nova-djecja-igralista-u-opcini-gradac\/#primaryimage\"},\"thumbnailUrl\":\"https:\/\/www.klikploce.com.hr\/gradac\/wp-content\/uploads\/2026\/05\/FB_IMG_1777625341656.jpg\",\"keywords\":[\"praznik rada\",\"prvi maj\"],\"articleSection\":[\"Gradac\",\"Izdvojeno\"],\"inLanguage\":\"hr\"},{\"@type\":\"WebPage\",\"@id\":\"https:\/\/www.klikploce.com.hr\/gradac\/praznik-rada-obiljezen-konkretnim-projektima-nova-djecja-igralista-u-opcini-gradac\/\",\"url\":\"https:\/\/www.klikploce.com.hr\/gradac\/praznik-rada-obiljezen-konkretnim-projektima-nova-djecja-igralista-u-opcini-gradac\/\",\"name\":\"Praznik rada obilje\u017een konkretnim projektima: nova dje\u010dja igrali\u0161ta u Op\u0107ini Gradac - Klik Gradac\",\"isPartOf\":{\"@id\":\"https:\/\/www.klikploce.com.hr\/gradac\/#website\"},\"primaryImageOfPage\":{\"@id\":\"https:\/\/www.klikploce.com.hr\/gradac\/praznik-rada-obiljezen-konkretnim-projektima-nova-djecja-igralista-u-opcini-gradac\/#primaryimage\"},\"image\":{\"@id\":\"https:\/\/www.klikploce.com.hr\/gradac\/praznik-rada-obiljezen-konkretnim-projektima-nova-djecja-igralista-u-opcini-gradac\/#primaryimage\"},\"thumbnailUrl\":\"https:\/\/www.klikploce.com.hr\/gradac\/wp-content\/uploads\/2026\/05\/FB_IMG_1777625341656.jpg\",\"datePublished\":\"2026-05-01T09:04:59+00:00\",\"breadcrumb\":{\"@id\":\"https:\/\/www.klikploce.com.hr\/gradac\/praznik-rada-obiljezen-konkretnim-projektima-nova-djecja-igralista-u-opcini-gradac\/#breadcrumb\"},\"inLanguage\":\"hr\",\"potentialAction\":[{\"@type\":\"ReadAction\",\"target\":[\"https:\/\/www.klikploce.com.hr\/gradac\/praznik-rada-obiljezen-konkretnim-projektima-nova-djecja-igralista-u-opcini-gradac\/\"]}]},{\"@type\":\"ImageObject\",\"inLanguage\":\"hr\",\"@id\":\"https:\/\/www.klikploce.com.hr\/gradac\/praznik-rada-obiljezen-konkretnim-projektima-nova-djecja-igralista-u-opcini-gradac\/#primaryimage\",\"url\":\"https:\/\/www.klikploce.com.hr\/gradac\/wp-content\/uploads\/2026\/05\/FB_IMG_1777625341656.jpg\",\"contentUrl\":\"https:\/\/www.klikploce.com.hr\/gradac\/wp-content\/uploads\/2026\/05\/FB_IMG_1777625341656.jpg\",\"width\":2048,\"height\":1536},{\"@type\":\"BreadcrumbList\",\"@id\":\"https:\/\/www.klikploce.com.hr\/gradac\/praznik-rada-obiljezen-konkretnim-projektima-nova-djecja-igralista-u-opcini-gradac\/#breadcrumb\",\"itemListElement\":[{\"@type\":\"ListItem\",\"position\":1,\"name\":\"Po\u010detna stranica\",\"item\":\"https:\/\/www.klikploce.com.hr\/gradac\/\"},{\"@type\":\"ListItem\",\"position\":2,\"name\":\"Praznik rada obilje\u017een konkretnim projektima: nova dje\u010dja igrali\u0161ta u Op\u0107ini Gradac\"}]},{\"@type\":\"WebSite\",\"@id\":\"https:\/\/www.klikploce.com.hr\/gradac\/#website\",\"url\":\"https:\/\/www.klikploce.com.hr\/gradac\/\",\"name\":\"Klik Gradac\",\"description\":\"Klik Gradac\",\"publisher\":{\"@id\":\"https:\/\/www.klikploce.com.hr\/gradac\/#organization\"},\"alternateName\":\"Klik Gradac\",\"potentialAction\":[{\"@type\":\"SearchAction\",\"target\":{\"@type\":\"EntryPoint\",\"urlTemplate\":\"https:\/\/www.klikploce.com.hr\/gradac\/?s={search_term_string}\"},\"query-input\":{\"@type\":\"PropertyValueSpecification\",\"valueRequired\":true,\"valueName\":\"search_term_string\"}}],\"inLanguage\":\"hr\"},{\"@type\":\"Organization\",\"@id\":\"https:\/\/www.klikploce.com.hr\/gradac\/#organization\",\"name\":\"Klik Gradac\",\"url\":\"https:\/\/www.klikploce.com.hr\/gradac\/\",\"logo\":{\"@type\":\"ImageObject\",\"inLanguage\":\"hr\",\"@id\":\"https:\/\/www.klikploce.com.hr\/gradac\/#\/schema\/logo\/image\/\",\"url\":\"https:\/\/www.klikploce.com.hr\/gradac\/wp-content\/uploads\/2025\/02\/KLIKGRADAC.png\",\"contentUrl\":\"https:\/\/www.klikploce.com.hr\/gradac\/wp-content\/uploads\/2025\/02\/KLIKGRADAC.png\",\"width\":849,\"height\":222,\"caption\":\"Klik Gradac\"},\"image\":{\"@id\":\"https:\/\/www.klikploce.com.hr\/gradac\/#\/schema\/logo\/image\/\"},\"sameAs\":[\"https:\/\/www.facebook.com\/OpcinaGradac\"]},{\"@type\":\"Person\",\"@id\":\"https:\/\/www.klikploce.com.hr\/gradac\/#\/schema\/person\/4aa60e5ded58973d7970d3a3c4d37e4d\",\"name\":\"Klik Gradac\",\"image\":{\"@type\":\"ImageObject\",\"inLanguage\":\"hr\",\"@id\":\"https:\/\/www.klikploce.com.hr\/gradac\/#\/schema\/person\/image\/\",\"url\":\"https:\/\/secure.gravatar.com\/avatar\/d0ba1d36b11e80fab3d03d6f36ae42d9ea24590c134e8ec7d92fe7c6041b4da0?s=96&d=mm&r=g\",\"contentUrl\":\"https:\/\/secure.gravatar.com\/avatar\/d0ba1d36b11e80fab3d03d6f36ae42d9ea24590c134e8ec7d92fe7c6041b4da0?s=96&d=mm&r=g\",\"caption\":\"Klik Gradac\"},\"sameAs\":[\"https:\/\/www.klikploce.com.hr\/gradac\",\"dino.dobos\"],\"url\":\"https:\/\/www.klikploce.com.hr\/gradac\/author\/admingr\/\"}]}<\/script>\n<!-- \/ Yoast SEO plugin. -->","yoast_head_json":{"title":"Praznik rada obilje\u017een konkretnim projektima: nova dje\u010dja igrali\u0161ta u Op\u0107ini Gradac - Klik Gradac","robots":{"index":"index","follow":"follow","max-snippet":"max-snippet:-1","max-image-preview":"max-image-preview:large","max-video-preview":"max-video-preview:-1"},"canonical":"https:\/\/www.klikploce.com.hr\/gradac\/praznik-rada-obiljezen-konkretnim-projektima-nova-djecja-igralista-u-opcini-gradac\/","og_locale":"hr_HR","og_type":"article","og_title":"Praznik rada obilje\u017een konkretnim projektima: nova dje\u010dja igrali\u0161ta u Op\u0107ini Gradac - Klik Gradac","og_description":"Povodom Me\u0111unarodnog praznika rada, iz Op\u0107ine Gradac uputili su \u010destitku gra\u0111anima uz poruku da ovaj dan provedu u krugu obitelji i prijatelja, uz osmijeh i odmor. Umjesto klasi\u010dnih rije\u010di, iz Op\u0107ine su odlu\u010dili blagdan obilje\u017eiti \u2013 djelima. Objavljene su fotografije novih i obnovljenih dje\u010djih igrali\u0161ta koja su realizirana u proteklom razdoblju. Obnovljeno je igrali\u0161te uz dje\u010dji vrti\u0107 u Gradcu, dok su izgra\u0111ena i dva nova igrali\u0161ta \u2013 u naselju Grma u Gradcu te u Gornjoj Vali u Drveniku. Iz Op\u0107ine isti\u010du kako je broj djece u vrti\u0107u u zna\u010dajnom porastu, s nekada\u0161njih dvadesetak na pribli\u017eno 70 mali\u0161ana danas. U poruci [&hellip;]","og_url":"https:\/\/www.klikploce.com.hr\/gradac\/praznik-rada-obiljezen-konkretnim-projektima-nova-djecja-igralista-u-opcini-gradac\/","og_site_name":"Klik Gradac","article_publisher":"https:\/\/www.facebook.com\/OpcinaGradac","article_published_time":"2026-05-01T09:04:59+00:00","og_image":[{"width":2048,"height":1536,"url":"https:\/\/www.klikploce.com.hr\/gradac\/wp-content\/uploads\/2026\/05\/FB_IMG_1777625341656.jpg","type":"image\/jpeg"}],"author":"Klik Gradac","twitter_card":"summary_large_image","twitter_misc":{"Napisao\/la":"Klik Gradac","Procijenjeno vrijeme \u010ditanja":"2 minute"},"schema":{"@context":"https:\/\/schema.org","@graph":[{"@type":"Article","@id":"https:\/\/www.klikploce.com.hr\/gradac\/praznik-rada-obiljezen-konkretnim-projektima-nova-djecja-igralista-u-opcini-gradac\/#article","isPartOf":{"@id":"https:\/\/www.klikploce.com.hr\/gradac\/praznik-rada-obiljezen-konkretnim-projektima-nova-djecja-igralista-u-opcini-gradac\/"},"author":{"name":"Klik Gradac","@id":"https:\/\/www.klikploce.com.hr\/gradac\/#\/schema\/person\/4aa60e5ded58973d7970d3a3c4d37e4d"},"headline":"Praznik rada obilje\u017een konkretnim projektima: nova dje\u010dja igrali\u0161ta u Op\u0107ini Gradac","datePublished":"2026-05-01T09:04:59+00:00","mainEntityOfPage":{"@id":"https:\/\/www.klikploce.com.hr\/gradac\/praznik-rada-obiljezen-konkretnim-projektima-nova-djecja-igralista-u-opcini-gradac\/"},"wordCount":195,"publisher":{"@id":"https:\/\/www.klikploce.com.hr\/gradac\/#organization"},"image":{"@id":"https:\/\/www.klikploce.com.hr\/gradac\/praznik-rada-obiljezen-konkretnim-projektima-nova-djecja-igralista-u-opcini-gradac\/#primaryimage"},"thumbnailUrl":"https:\/\/www.klikploce.com.hr\/gradac\/wp-content\/uploads\/2026\/05\/FB_IMG_1777625341656.jpg","keywords":["praznik rada","prvi maj"],"articleSection":["Gradac","Izdvojeno"],"inLanguage":"hr"},{"@type":"WebPage","@id":"https:\/\/www.klikploce.com.hr\/gradac\/praznik-rada-obiljezen-konkretnim-projektima-nova-djecja-igralista-u-opcini-gradac\/","url":"https:\/\/www.klikploce.com.hr\/gradac\/praznik-rada-obiljezen-konkretnim-projektima-nova-djecja-igralista-u-opcini-gradac\/","name":"Praznik rada obilje\u017een konkretnim projektima: nova dje\u010dja igrali\u0161ta u Op\u0107ini Gradac - Klik Gradac","isPartOf":{"@id":"https:\/\/www.klikploce.com.hr\/gradac\/#website"},"primaryImageOfPage":{"@id":"https:\/\/www.klikploce.com.hr\/gradac\/praznik-rada-obiljezen-konkretnim-projektima-nova-djecja-igralista-u-opcini-gradac\/#primaryimage"},"image":{"@id":"https:\/\/www.klikploce.com.hr\/gradac\/praznik-rada-obiljezen-konkretnim-projektima-nova-djecja-igralista-u-opcini-gradac\/#primaryimage"},"thumbnailUrl":"https:\/\/www.klikploce.com.hr\/gradac\/wp-content\/uploads\/2026\/05\/FB_IMG_1777625341656.jpg","datePublished":"2026-05-01T09:04:59+00:00","breadcrumb":{"@id":"https:\/\/www.klikploce.com.hr\/gradac\/praznik-rada-obiljezen-konkretnim-projektima-nova-djecja-igralista-u-opcini-gradac\/#breadcrumb"},"inLanguage":"hr","potentialAction":[{"@type":"ReadAction","target":["https:\/\/www.klikploce.com.hr\/gradac\/praznik-rada-obiljezen-konkretnim-projektima-nova-djecja-igralista-u-opcini-gradac\/"]}]},{"@type":"ImageObject","inLanguage":"hr","@id":"https:\/\/www.klikploce.com.hr\/gradac\/praznik-rada-obiljezen-konkretnim-projektima-nova-djecja-igralista-u-opcini-gradac\/#primaryimage","url":"https:\/\/www.klikploce.com.hr\/gradac\/wp-content\/uploads\/2026\/05\/FB_IMG_1777625341656.jpg","contentUrl":"https:\/\/www.klikploce.com.hr\/gradac\/wp-content\/uploads\/2026\/05\/FB_IMG_1777625341656.jpg","width":2048,"height":1536},{"@type":"BreadcrumbList","@id":"https:\/\/www.klikploce.com.hr\/gradac\/praznik-rada-obiljezen-konkretnim-projektima-nova-djecja-igralista-u-opcini-gradac\/#breadcrumb","itemListElement":[{"@type":"ListItem","position":1,"name":"Po\u010detna stranica","item":"https:\/\/www.klikploce.com.hr\/gradac\/"},{"@type":"ListItem","position":2,"name":"Praznik rada obilje\u017een konkretnim projektima: nova dje\u010dja igrali\u0161ta u Op\u0107ini Gradac"}]},{"@type":"WebSite","@id":"https:\/\/www.klikploce.com.hr\/gradac\/#website","url":"https:\/\/www.klikploce.com.hr\/gradac\/","name":"Klik Gradac","description":"Klik Gradac","publisher":{"@id":"https:\/\/www.klikploce.com.hr\/gradac\/#organization"},"alternateName":"Klik Gradac","potentialAction":[{"@type":"SearchAction","target":{"@type":"EntryPoint","urlTemplate":"https:\/\/www.klikploce.com.hr\/gradac\/?s={search_term_string}"},"query-input":{"@type":"PropertyValueSpecification","valueRequired":true,"valueName":"search_term_string"}}],"inLanguage":"hr"},{"@type":"Organization","@id":"https:\/\/www.klikploce.com.hr\/gradac\/#organization","name":"Klik Gradac","url":"https:\/\/www.klikploce.com.hr\/gradac\/","logo":{"@type":"ImageObject","inLanguage":"hr","@id":"https:\/\/www.klikploce.com.hr\/gradac\/#\/schema\/logo\/image\/","url":"https:\/\/www.klikploce.com.hr\/gradac\/wp-content\/uploads\/2025\/02\/KLIKGRADAC.png","contentUrl":"https:\/\/www.klikploce.com.hr\/gradac\/wp-content\/uploads\/2025\/02\/KLIKGRADAC.png","width":849,"height":222,"caption":"Klik Gradac"},"image":{"@id":"https:\/\/www.klikploce.com.hr\/gradac\/#\/schema\/logo\/image\/"},"sameAs":["https:\/\/www.facebook.com\/OpcinaGradac"]},{"@type":"Person","@id":"https:\/\/www.klikploce.com.hr\/gradac\/#\/schema\/person\/4aa60e5ded58973d7970d3a3c4d37e4d","name":"Klik Gradac","image":{"@type":"ImageObject","inLanguage":"hr","@id":"https:\/\/www.klikploce.com.hr\/gradac\/#\/schema\/person\/image\/","url":"https:\/\/secure.gravatar.com\/avatar\/d0ba1d36b11e80fab3d03d6f36ae42d9ea24590c134e8ec7d92fe7c6041b4da0?s=96&d=mm&r=g","contentUrl":"https:\/\/secure.gravatar.com\/avatar\/d0ba1d36b11e80fab3d03d6f36ae42d9ea24590c134e8ec7d92fe7c6041b4da0?s=96&d=mm&r=g","caption":"Klik Gradac"},"sameAs":["https:\/\/www.klikploce.com.hr\/gradac","dino.dobos"],"url":"https:\/\/www.klikploce.com.hr\/gradac\/author\/admingr\/"}]}},"_links":{"self":[{"href":"https:\/\/www.klikploce.com.hr\/gradac\/wp-json\/wp\/v2\/posts\/1419","targetHints":{"allow":["GET"]}}],"collection":[{"href":"https:\/\/www.klikploce.com.hr\/gradac\/wp-json\/wp\/v2\/posts"}],"about":[{"href":"https:\/\/www.klikploce.com.hr\/gradac\/wp-json\/wp\/v2\/types\/post"}],"author":[{"embeddable":true,"href":"https:\/\/www.klikploce.com.hr\/gradac\/wp-json\/wp\/v2\/users\/1"}],"replies":[{"embeddable":true,"href":"https:\/\/www.klikploce.com.hr\/gradac\/wp-json\/wp\/v2\/comments?post=1419"}],"version-history":[{"count":1,"href":"https:\/\/www.klikploce.com.hr\/gradac\/wp-json\/wp\/v2\/posts\/1419\/revisions"}],"predecessor-version":[{"id":1424,"href":"https:\/\/www.klikploce.com.hr\/gradac\/wp-json\/wp\/v2\/posts\/1419\/revisions\/1424"}],"wp:featuredmedia":[{"embeddable":true,"href":"https:\/\/www.klikploce.com.hr\/gradac\/wp-json\/wp\/v2\/media\/1421"}],"wp:attachment":[{"href":"https:\/\/www.klikploce.com.hr\/gradac\/wp-json\/wp\/v2\/media?parent=1419"}],"wp:term":[{"taxonomy":"category","embeddable":true,"href":"https:\/\/www.klikploce.com.hr\/gradac\/wp-json\/wp\/v2\/categories?post=1419"},{"taxonomy":"post_tag","embeddable":true,"href":"https:\/\/www.klikploce.com.hr\/gradac\/wp-json\/wp\/v2\/tags?post=1419"}],"curies":[{"name":"wp","href":"https:\/\/api.w.org\/{rel}","templated":true}]}}