{"id":1414,"date":"2026-04-30T21:34:08","date_gmt":"2026-04-30T19:34:08","guid":{"rendered":"https:\/\/www.klikploce.com.hr\/gradac\/?p=1414"},"modified":"2026-04-30T21:40:26","modified_gmt":"2026-04-30T19:40:26","slug":"divljao-bjezao-policiji-pa-se-zabio-u-zid-u-gradcu-35-godisnjak-zavrsio-u-zatvoru","status":"publish","type":"post","link":"https:\/\/www.klikploce.com.hr\/gradac\/divljao-bjezao-policiji-pa-se-zabio-u-zid-u-gradcu-35-godisnjak-zavrsio-u-zatvoru\/","title":{"rendered":"Divljao, bje\u017eao policiji pa se zabio u zid u Gradcu \u2013 35-godi\u0161njak zavr\u0161io u zatvoru"},"content":{"rendered":"<p>U srijedu, 29. travnja 2026. godine oko 02.55 sati na dr\u017eavnoj cesti D 8 u mjestu Mala Duba policijski slu\u017ebenici su svjetlosnim i zvu\u010dnim signalima izdali naredbu za zaustavljanje voza\u010du osobnog vozila na koju se on oglu\u0161io i dao u bijeg.<\/p>\n<p>Policijski slu\u017ebenici su pratili smjer i kretanje automobila i odmah krenuli za njim. Voza\u010d je tijekom vo\u017enje naglo pove\u0107avao brzinu kretanja \u0161to je uzrokovalo proklizavanje kota\u010da i zano\u0161enje vozila prilikom mijenjanja prometne trake. Dolaskom do mjesta Gradac, na kolniku ulice Grma zbog neprilago\u0111ene brzine u zavoju, skrivio je prometnu nesre\u0107u, izletio van kolnika i udario u betonski zid, gdje se i zaustavio, iza\u0161ao iz vozila na kojem je nastala materijalna \u0161teta i tr\u010de\u0107i pobjegao u \u0161umu.<\/p>\n<p>Policijski slu\u017ebenici su tr\u010dali za njim, sprije\u010dili u daljnjem bijegu i nad njim uporabili sredstva prisile. Mu\u0161karac je uhi\u0107en i doveden u policijsku postaju.<\/p>\n<p>Obavljenom provjerom utvr\u0111eno je da je\u00a0 35-godi\u0161njak, prema kojem je policija vi\u0161e puta postupala zbog \u010dinjenja te\u0161kih prometnih prekr\u0161aja, ali i zbog kaznenog djela vezano uz krijum\u010darenje ljudi preko dr\u017eavne granice, nema polo\u017een voza\u010dki ispit i vozio je prije stjecanja prava na upravljanje motornim vozilima bilo koje kategorije.<\/p>\n<p>Na zahtjev policijskog slu\u017ebenika odbio se podvrgnuti i ispitivanju prisutnosti opojnih droga u organizmu, odnosno lije\u010dni\u010dkom pregledu radi izuzimanja krvi i urina. Tako\u0111er, s njim su se u vozilu nalazile jo\u0161 \u010detiri osobe, svi hrvatski dr\u017eavljani, koji su nakon \u0161to je voza\u010d pobjegao ostali u vozilu i utvr\u0111eno da nisu po\u010dinili prekr\u0161aje.<\/p>\n<p>Opisanim pona\u0161anjem 35-godi\u0161njak je po\u010dinio \u010dak jedanaest prometnih prekr\u0161aja.<\/p>\n<p>U optu\u017enom prijedlogu policija je sudu predlo\u017eila da se ponavlja\u010du odredi zadr\u017eavanje, izrekne kazna zatvora u trajanju od 60 dana i nov\u010dana kazna u iznosu od 1.450 eura te da mu se izrekne za\u0161titna mjera zabrane upravljanja motornim vozilom &#8221;B&#8221; kategorije na 12 mjeseci.<\/p>\n<p>Sud mu je odredio zadr\u017eavanje u trajanju od 13 dana, nakon \u010dega je predan u zatvor.<\/p>\n<p>Foto: AI<\/p>\n","protected":false},"excerpt":{"rendered":"<p>U srijedu, 29. travnja 2026. godine oko 02.55 sati na dr\u017eavnoj cesti D 8 u mjestu Mala Duba policijski slu\u017ebenici su svjetlosnim i zvu\u010dnim signalima izdali naredbu za zaustavljanje voza\u010du osobnog vozila na koju se on oglu\u0161io i dao u bijeg. Policijski slu\u017ebenici su pratili smjer i kretanje automobila i odmah krenuli za njim. Voza\u010d je tijekom vo\u017enje naglo pove\u0107avao brzinu kretanja \u0161to je uzrokovalo proklizavanje kota\u010da i zano\u0161enje vozila prilikom mijenjanja prometne trake. Dolaskom do mjesta Gradac, na kolniku ulice Grma zbog neprilago\u0111ene brzine u zavoju, skrivio je prometnu nesre\u0107u, izletio van kolnika i udario u betonski zid, gdje [&hellip;]<\/p>\n","protected":false},"author":1,"featured_media":1416,"comment_status":"closed","ping_status":"closed","sticky":false,"template":"","format":"standard","meta":{"footnotes":""},"categories":[7,6],"tags":[3,23],"class_list":["post-1414","post","type-post","status-publish","format-standard","has-post-thumbnail","hentry","category-gradac","category-izdvojeno","tag-gradac","tag-prometna-nesreca"],"yoast_head":"<!-- This site is optimized with the Yoast SEO plugin v24.4 - https:\/\/yoast.com\/wordpress\/plugins\/seo\/ -->\n<title>Divljao, bje\u017eao policiji pa se zabio u zid u Gradcu \u2013 35-godi\u0161njak zavr\u0161io u zatvoru - Klik Gradac<\/title>\n<meta name=\"robots\" content=\"index, follow, max-snippet:-1, max-image-preview:large, max-video-preview:-1\" \/>\n<link rel=\"canonical\" href=\"https:\/\/www.klikploce.com.hr\/gradac\/divljao-bjezao-policiji-pa-se-zabio-u-zid-u-gradcu-35-godisnjak-zavrsio-u-zatvoru\/\" \/>\n<meta property=\"og:locale\" content=\"hr_HR\" \/>\n<meta property=\"og:type\" content=\"article\" \/>\n<meta property=\"og:title\" content=\"Divljao, bje\u017eao policiji pa se zabio u zid u Gradcu \u2013 35-godi\u0161njak zavr\u0161io u zatvoru - Klik Gradac\" \/>\n<meta property=\"og:description\" content=\"U srijedu, 29. travnja 2026. godine oko 02.55 sati na dr\u017eavnoj cesti D 8 u mjestu Mala Duba policijski slu\u017ebenici su svjetlosnim i zvu\u010dnim signalima izdali naredbu za zaustavljanje voza\u010du osobnog vozila na koju se on oglu\u0161io i dao u bijeg. Policijski slu\u017ebenici su pratili smjer i kretanje automobila i odmah krenuli za njim. Voza\u010d je tijekom vo\u017enje naglo pove\u0107avao brzinu kretanja \u0161to je uzrokovalo proklizavanje kota\u010da i zano\u0161enje vozila prilikom mijenjanja prometne trake. Dolaskom do mjesta Gradac, na kolniku ulice Grma zbog neprilago\u0111ene brzine u zavoju, skrivio je prometnu nesre\u0107u, izletio van kolnika i udario u betonski zid, gdje [&hellip;]\" \/>\n<meta property=\"og:url\" content=\"https:\/\/www.klikploce.com.hr\/gradac\/divljao-bjezao-policiji-pa-se-zabio-u-zid-u-gradcu-35-godisnjak-zavrsio-u-zatvoru\/\" \/>\n<meta property=\"og:site_name\" content=\"Klik Gradac\" \/>\n<meta property=\"article:publisher\" content=\"https:\/\/www.facebook.com\/OpcinaGradac\" \/>\n<meta property=\"article:published_time\" content=\"2026-04-30T19:34:08+00:00\" \/>\n<meta property=\"article:modified_time\" content=\"2026-04-30T19:40:26+00:00\" \/>\n<meta property=\"og:image\" content=\"https:\/\/www.klikploce.com.hr\/gradac\/wp-content\/uploads\/2026\/04\/file_00000000a41871f4a34f3e137ca0d097-1024x683.png\" \/>\n\t<meta property=\"og:image:width\" content=\"1024\" \/>\n\t<meta property=\"og:image:height\" content=\"683\" \/>\n\t<meta property=\"og:image:type\" content=\"image\/png\" \/>\n<meta name=\"author\" content=\"Klik Gradac\" \/>\n<meta name=\"twitter:card\" content=\"summary_large_image\" \/>\n<meta name=\"twitter:label1\" content=\"Napisao\/la\" \/>\n\t<meta name=\"twitter:data1\" content=\"Klik Gradac\" \/>\n\t<meta name=\"twitter:label2\" content=\"Procijenjeno vrijeme \u010ditanja\" \/>\n\t<meta name=\"twitter:data2\" content=\"2 minute\" \/>\n<script type=\"application\/ld+json\" class=\"yoast-schema-graph\">{\"@context\":\"https:\/\/schema.org\",\"@graph\":[{\"@type\":\"Article\",\"@id\":\"https:\/\/www.klikploce.com.hr\/gradac\/divljao-bjezao-policiji-pa-se-zabio-u-zid-u-gradcu-35-godisnjak-zavrsio-u-zatvoru\/#article\",\"isPartOf\":{\"@id\":\"https:\/\/www.klikploce.com.hr\/gradac\/divljao-bjezao-policiji-pa-se-zabio-u-zid-u-gradcu-35-godisnjak-zavrsio-u-zatvoru\/\"},\"author\":{\"name\":\"Klik Gradac\",\"@id\":\"https:\/\/www.klikploce.com.hr\/gradac\/#\/schema\/person\/4aa60e5ded58973d7970d3a3c4d37e4d\"},\"headline\":\"Divljao, bje\u017eao policiji pa se zabio u zid u Gradcu \u2013 35-godi\u0161njak zavr\u0161io u zatvoru\",\"datePublished\":\"2026-04-30T19:34:08+00:00\",\"dateModified\":\"2026-04-30T19:40:26+00:00\",\"mainEntityOfPage\":{\"@id\":\"https:\/\/www.klikploce.com.hr\/gradac\/divljao-bjezao-policiji-pa-se-zabio-u-zid-u-gradcu-35-godisnjak-zavrsio-u-zatvoru\/\"},\"wordCount\":369,\"publisher\":{\"@id\":\"https:\/\/www.klikploce.com.hr\/gradac\/#organization\"},\"image\":{\"@id\":\"https:\/\/www.klikploce.com.hr\/gradac\/divljao-bjezao-policiji-pa-se-zabio-u-zid-u-gradcu-35-godisnjak-zavrsio-u-zatvoru\/#primaryimage\"},\"thumbnailUrl\":\"https:\/\/www.klikploce.com.hr\/gradac\/wp-content\/uploads\/2026\/04\/file_00000000a41871f4a34f3e137ca0d097.png\",\"keywords\":[\"gradac\",\"prometna nesre\u0107a\"],\"articleSection\":[\"Gradac\",\"Izdvojeno\"],\"inLanguage\":\"hr\"},{\"@type\":\"WebPage\",\"@id\":\"https:\/\/www.klikploce.com.hr\/gradac\/divljao-bjezao-policiji-pa-se-zabio-u-zid-u-gradcu-35-godisnjak-zavrsio-u-zatvoru\/\",\"url\":\"https:\/\/www.klikploce.com.hr\/gradac\/divljao-bjezao-policiji-pa-se-zabio-u-zid-u-gradcu-35-godisnjak-zavrsio-u-zatvoru\/\",\"name\":\"Divljao, bje\u017eao policiji pa se zabio u zid u Gradcu \u2013 35-godi\u0161njak zavr\u0161io u zatvoru - Klik Gradac\",\"isPartOf\":{\"@id\":\"https:\/\/www.klikploce.com.hr\/gradac\/#website\"},\"primaryImageOfPage\":{\"@id\":\"https:\/\/www.klikploce.com.hr\/gradac\/divljao-bjezao-policiji-pa-se-zabio-u-zid-u-gradcu-35-godisnjak-zavrsio-u-zatvoru\/#primaryimage\"},\"image\":{\"@id\":\"https:\/\/www.klikploce.com.hr\/gradac\/divljao-bjezao-policiji-pa-se-zabio-u-zid-u-gradcu-35-godisnjak-zavrsio-u-zatvoru\/#primaryimage\"},\"thumbnailUrl\":\"https:\/\/www.klikploce.com.hr\/gradac\/wp-content\/uploads\/2026\/04\/file_00000000a41871f4a34f3e137ca0d097.png\",\"datePublished\":\"2026-04-30T19:34:08+00:00\",\"dateModified\":\"2026-04-30T19:40:26+00:00\",\"breadcrumb\":{\"@id\":\"https:\/\/www.klikploce.com.hr\/gradac\/divljao-bjezao-policiji-pa-se-zabio-u-zid-u-gradcu-35-godisnjak-zavrsio-u-zatvoru\/#breadcrumb\"},\"inLanguage\":\"hr\",\"potentialAction\":[{\"@type\":\"ReadAction\",\"target\":[\"https:\/\/www.klikploce.com.hr\/gradac\/divljao-bjezao-policiji-pa-se-zabio-u-zid-u-gradcu-35-godisnjak-zavrsio-u-zatvoru\/\"]}]},{\"@type\":\"ImageObject\",\"inLanguage\":\"hr\",\"@id\":\"https:\/\/www.klikploce.com.hr\/gradac\/divljao-bjezao-policiji-pa-se-zabio-u-zid-u-gradcu-35-godisnjak-zavrsio-u-zatvoru\/#primaryimage\",\"url\":\"https:\/\/www.klikploce.com.hr\/gradac\/wp-content\/uploads\/2026\/04\/file_00000000a41871f4a34f3e137ca0d097.png\",\"contentUrl\":\"https:\/\/www.klikploce.com.hr\/gradac\/wp-content\/uploads\/2026\/04\/file_00000000a41871f4a34f3e137ca0d097.png\",\"width\":1536,\"height\":1024},{\"@type\":\"BreadcrumbList\",\"@id\":\"https:\/\/www.klikploce.com.hr\/gradac\/divljao-bjezao-policiji-pa-se-zabio-u-zid-u-gradcu-35-godisnjak-zavrsio-u-zatvoru\/#breadcrumb\",\"itemListElement\":[{\"@type\":\"ListItem\",\"position\":1,\"name\":\"Po\u010detna stranica\",\"item\":\"https:\/\/www.klikploce.com.hr\/gradac\/\"},{\"@type\":\"ListItem\",\"position\":2,\"name\":\"Divljao, bje\u017eao policiji pa se zabio u zid u Gradcu \u2013 35-godi\u0161njak zavr\u0161io u zatvoru\"}]},{\"@type\":\"WebSite\",\"@id\":\"https:\/\/www.klikploce.com.hr\/gradac\/#website\",\"url\":\"https:\/\/www.klikploce.com.hr\/gradac\/\",\"name\":\"Klik Gradac\",\"description\":\"Klik Gradac\",\"publisher\":{\"@id\":\"https:\/\/www.klikploce.com.hr\/gradac\/#organization\"},\"alternateName\":\"Klik Gradac\",\"potentialAction\":[{\"@type\":\"SearchAction\",\"target\":{\"@type\":\"EntryPoint\",\"urlTemplate\":\"https:\/\/www.klikploce.com.hr\/gradac\/?s={search_term_string}\"},\"query-input\":{\"@type\":\"PropertyValueSpecification\",\"valueRequired\":true,\"valueName\":\"search_term_string\"}}],\"inLanguage\":\"hr\"},{\"@type\":\"Organization\",\"@id\":\"https:\/\/www.klikploce.com.hr\/gradac\/#organization\",\"name\":\"Klik Gradac\",\"url\":\"https:\/\/www.klikploce.com.hr\/gradac\/\",\"logo\":{\"@type\":\"ImageObject\",\"inLanguage\":\"hr\",\"@id\":\"https:\/\/www.klikploce.com.hr\/gradac\/#\/schema\/logo\/image\/\",\"url\":\"https:\/\/www.klikploce.com.hr\/gradac\/wp-content\/uploads\/2025\/02\/KLIKGRADAC.png\",\"contentUrl\":\"https:\/\/www.klikploce.com.hr\/gradac\/wp-content\/uploads\/2025\/02\/KLIKGRADAC.png\",\"width\":849,\"height\":222,\"caption\":\"Klik Gradac\"},\"image\":{\"@id\":\"https:\/\/www.klikploce.com.hr\/gradac\/#\/schema\/logo\/image\/\"},\"sameAs\":[\"https:\/\/www.facebook.com\/OpcinaGradac\"]},{\"@type\":\"Person\",\"@id\":\"https:\/\/www.klikploce.com.hr\/gradac\/#\/schema\/person\/4aa60e5ded58973d7970d3a3c4d37e4d\",\"name\":\"Klik Gradac\",\"image\":{\"@type\":\"ImageObject\",\"inLanguage\":\"hr\",\"@id\":\"https:\/\/www.klikploce.com.hr\/gradac\/#\/schema\/person\/image\/\",\"url\":\"https:\/\/secure.gravatar.com\/avatar\/d0ba1d36b11e80fab3d03d6f36ae42d9ea24590c134e8ec7d92fe7c6041b4da0?s=96&d=mm&r=g\",\"contentUrl\":\"https:\/\/secure.gravatar.com\/avatar\/d0ba1d36b11e80fab3d03d6f36ae42d9ea24590c134e8ec7d92fe7c6041b4da0?s=96&d=mm&r=g\",\"caption\":\"Klik Gradac\"},\"sameAs\":[\"https:\/\/www.klikploce.com.hr\/gradac\",\"dino.dobos\"],\"url\":\"https:\/\/www.klikploce.com.hr\/gradac\/author\/admingr\/\"}]}<\/script>\n<!-- \/ Yoast SEO plugin. -->","yoast_head_json":{"title":"Divljao, bje\u017eao policiji pa se zabio u zid u Gradcu \u2013 35-godi\u0161njak zavr\u0161io u zatvoru - Klik Gradac","robots":{"index":"index","follow":"follow","max-snippet":"max-snippet:-1","max-image-preview":"max-image-preview:large","max-video-preview":"max-video-preview:-1"},"canonical":"https:\/\/www.klikploce.com.hr\/gradac\/divljao-bjezao-policiji-pa-se-zabio-u-zid-u-gradcu-35-godisnjak-zavrsio-u-zatvoru\/","og_locale":"hr_HR","og_type":"article","og_title":"Divljao, bje\u017eao policiji pa se zabio u zid u Gradcu \u2013 35-godi\u0161njak zavr\u0161io u zatvoru - Klik Gradac","og_description":"U srijedu, 29. travnja 2026. godine oko 02.55 sati na dr\u017eavnoj cesti D 8 u mjestu Mala Duba policijski slu\u017ebenici su svjetlosnim i zvu\u010dnim signalima izdali naredbu za zaustavljanje voza\u010du osobnog vozila na koju se on oglu\u0161io i dao u bijeg. Policijski slu\u017ebenici su pratili smjer i kretanje automobila i odmah krenuli za njim. Voza\u010d je tijekom vo\u017enje naglo pove\u0107avao brzinu kretanja \u0161to je uzrokovalo proklizavanje kota\u010da i zano\u0161enje vozila prilikom mijenjanja prometne trake. Dolaskom do mjesta Gradac, na kolniku ulice Grma zbog neprilago\u0111ene brzine u zavoju, skrivio je prometnu nesre\u0107u, izletio van kolnika i udario u betonski zid, gdje [&hellip;]","og_url":"https:\/\/www.klikploce.com.hr\/gradac\/divljao-bjezao-policiji-pa-se-zabio-u-zid-u-gradcu-35-godisnjak-zavrsio-u-zatvoru\/","og_site_name":"Klik Gradac","article_publisher":"https:\/\/www.facebook.com\/OpcinaGradac","article_published_time":"2026-04-30T19:34:08+00:00","article_modified_time":"2026-04-30T19:40:26+00:00","og_image":[{"width":1024,"height":683,"url":"https:\/\/www.klikploce.com.hr\/gradac\/wp-content\/uploads\/2026\/04\/file_00000000a41871f4a34f3e137ca0d097-1024x683.png","type":"image\/png"}],"author":"Klik Gradac","twitter_card":"summary_large_image","twitter_misc":{"Napisao\/la":"Klik Gradac","Procijenjeno vrijeme \u010ditanja":"2 minute"},"schema":{"@context":"https:\/\/schema.org","@graph":[{"@type":"Article","@id":"https:\/\/www.klikploce.com.hr\/gradac\/divljao-bjezao-policiji-pa-se-zabio-u-zid-u-gradcu-35-godisnjak-zavrsio-u-zatvoru\/#article","isPartOf":{"@id":"https:\/\/www.klikploce.com.hr\/gradac\/divljao-bjezao-policiji-pa-se-zabio-u-zid-u-gradcu-35-godisnjak-zavrsio-u-zatvoru\/"},"author":{"name":"Klik Gradac","@id":"https:\/\/www.klikploce.com.hr\/gradac\/#\/schema\/person\/4aa60e5ded58973d7970d3a3c4d37e4d"},"headline":"Divljao, bje\u017eao policiji pa se zabio u zid u Gradcu \u2013 35-godi\u0161njak zavr\u0161io u zatvoru","datePublished":"2026-04-30T19:34:08+00:00","dateModified":"2026-04-30T19:40:26+00:00","mainEntityOfPage":{"@id":"https:\/\/www.klikploce.com.hr\/gradac\/divljao-bjezao-policiji-pa-se-zabio-u-zid-u-gradcu-35-godisnjak-zavrsio-u-zatvoru\/"},"wordCount":369,"publisher":{"@id":"https:\/\/www.klikploce.com.hr\/gradac\/#organization"},"image":{"@id":"https:\/\/www.klikploce.com.hr\/gradac\/divljao-bjezao-policiji-pa-se-zabio-u-zid-u-gradcu-35-godisnjak-zavrsio-u-zatvoru\/#primaryimage"},"thumbnailUrl":"https:\/\/www.klikploce.com.hr\/gradac\/wp-content\/uploads\/2026\/04\/file_00000000a41871f4a34f3e137ca0d097.png","keywords":["gradac","prometna nesre\u0107a"],"articleSection":["Gradac","Izdvojeno"],"inLanguage":"hr"},{"@type":"WebPage","@id":"https:\/\/www.klikploce.com.hr\/gradac\/divljao-bjezao-policiji-pa-se-zabio-u-zid-u-gradcu-35-godisnjak-zavrsio-u-zatvoru\/","url":"https:\/\/www.klikploce.com.hr\/gradac\/divljao-bjezao-policiji-pa-se-zabio-u-zid-u-gradcu-35-godisnjak-zavrsio-u-zatvoru\/","name":"Divljao, bje\u017eao policiji pa se zabio u zid u Gradcu \u2013 35-godi\u0161njak zavr\u0161io u zatvoru - Klik Gradac","isPartOf":{"@id":"https:\/\/www.klikploce.com.hr\/gradac\/#website"},"primaryImageOfPage":{"@id":"https:\/\/www.klikploce.com.hr\/gradac\/divljao-bjezao-policiji-pa-se-zabio-u-zid-u-gradcu-35-godisnjak-zavrsio-u-zatvoru\/#primaryimage"},"image":{"@id":"https:\/\/www.klikploce.com.hr\/gradac\/divljao-bjezao-policiji-pa-se-zabio-u-zid-u-gradcu-35-godisnjak-zavrsio-u-zatvoru\/#primaryimage"},"thumbnailUrl":"https:\/\/www.klikploce.com.hr\/gradac\/wp-content\/uploads\/2026\/04\/file_00000000a41871f4a34f3e137ca0d097.png","datePublished":"2026-04-30T19:34:08+00:00","dateModified":"2026-04-30T19:40:26+00:00","breadcrumb":{"@id":"https:\/\/www.klikploce.com.hr\/gradac\/divljao-bjezao-policiji-pa-se-zabio-u-zid-u-gradcu-35-godisnjak-zavrsio-u-zatvoru\/#breadcrumb"},"inLanguage":"hr","potentialAction":[{"@type":"ReadAction","target":["https:\/\/www.klikploce.com.hr\/gradac\/divljao-bjezao-policiji-pa-se-zabio-u-zid-u-gradcu-35-godisnjak-zavrsio-u-zatvoru\/"]}]},{"@type":"ImageObject","inLanguage":"hr","@id":"https:\/\/www.klikploce.com.hr\/gradac\/divljao-bjezao-policiji-pa-se-zabio-u-zid-u-gradcu-35-godisnjak-zavrsio-u-zatvoru\/#primaryimage","url":"https:\/\/www.klikploce.com.hr\/gradac\/wp-content\/uploads\/2026\/04\/file_00000000a41871f4a34f3e137ca0d097.png","contentUrl":"https:\/\/www.klikploce.com.hr\/gradac\/wp-content\/uploads\/2026\/04\/file_00000000a41871f4a34f3e137ca0d097.png","width":1536,"height":1024},{"@type":"BreadcrumbList","@id":"https:\/\/www.klikploce.com.hr\/gradac\/divljao-bjezao-policiji-pa-se-zabio-u-zid-u-gradcu-35-godisnjak-zavrsio-u-zatvoru\/#breadcrumb","itemListElement":[{"@type":"ListItem","position":1,"name":"Po\u010detna stranica","item":"https:\/\/www.klikploce.com.hr\/gradac\/"},{"@type":"ListItem","position":2,"name":"Divljao, bje\u017eao policiji pa se zabio u zid u Gradcu \u2013 35-godi\u0161njak zavr\u0161io u zatvoru"}]},{"@type":"WebSite","@id":"https:\/\/www.klikploce.com.hr\/gradac\/#website","url":"https:\/\/www.klikploce.com.hr\/gradac\/","name":"Klik Gradac","description":"Klik Gradac","publisher":{"@id":"https:\/\/www.klikploce.com.hr\/gradac\/#organization"},"alternateName":"Klik Gradac","potentialAction":[{"@type":"SearchAction","target":{"@type":"EntryPoint","urlTemplate":"https:\/\/www.klikploce.com.hr\/gradac\/?s={search_term_string}"},"query-input":{"@type":"PropertyValueSpecification","valueRequired":true,"valueName":"search_term_string"}}],"inLanguage":"hr"},{"@type":"Organization","@id":"https:\/\/www.klikploce.com.hr\/gradac\/#organization","name":"Klik Gradac","url":"https:\/\/www.klikploce.com.hr\/gradac\/","logo":{"@type":"ImageObject","inLanguage":"hr","@id":"https:\/\/www.klikploce.com.hr\/gradac\/#\/schema\/logo\/image\/","url":"https:\/\/www.klikploce.com.hr\/gradac\/wp-content\/uploads\/2025\/02\/KLIKGRADAC.png","contentUrl":"https:\/\/www.klikploce.com.hr\/gradac\/wp-content\/uploads\/2025\/02\/KLIKGRADAC.png","width":849,"height":222,"caption":"Klik Gradac"},"image":{"@id":"https:\/\/www.klikploce.com.hr\/gradac\/#\/schema\/logo\/image\/"},"sameAs":["https:\/\/www.facebook.com\/OpcinaGradac"]},{"@type":"Person","@id":"https:\/\/www.klikploce.com.hr\/gradac\/#\/schema\/person\/4aa60e5ded58973d7970d3a3c4d37e4d","name":"Klik Gradac","image":{"@type":"ImageObject","inLanguage":"hr","@id":"https:\/\/www.klikploce.com.hr\/gradac\/#\/schema\/person\/image\/","url":"https:\/\/secure.gravatar.com\/avatar\/d0ba1d36b11e80fab3d03d6f36ae42d9ea24590c134e8ec7d92fe7c6041b4da0?s=96&d=mm&r=g","contentUrl":"https:\/\/secure.gravatar.com\/avatar\/d0ba1d36b11e80fab3d03d6f36ae42d9ea24590c134e8ec7d92fe7c6041b4da0?s=96&d=mm&r=g","caption":"Klik Gradac"},"sameAs":["https:\/\/www.klikploce.com.hr\/gradac","dino.dobos"],"url":"https:\/\/www.klikploce.com.hr\/gradac\/author\/admingr\/"}]}},"_links":{"self":[{"href":"https:\/\/www.klikploce.com.hr\/gradac\/wp-json\/wp\/v2\/posts\/1414","targetHints":{"allow":["GET"]}}],"collection":[{"href":"https:\/\/www.klikploce.com.hr\/gradac\/wp-json\/wp\/v2\/posts"}],"about":[{"href":"https:\/\/www.klikploce.com.hr\/gradac\/wp-json\/wp\/v2\/types\/post"}],"author":[{"embeddable":true,"href":"https:\/\/www.klikploce.com.hr\/gradac\/wp-json\/wp\/v2\/users\/1"}],"replies":[{"embeddable":true,"href":"https:\/\/www.klikploce.com.hr\/gradac\/wp-json\/wp\/v2\/comments?post=1414"}],"version-history":[{"count":3,"href":"https:\/\/www.klikploce.com.hr\/gradac\/wp-json\/wp\/v2\/posts\/1414\/revisions"}],"predecessor-version":[{"id":1418,"href":"https:\/\/www.klikploce.com.hr\/gradac\/wp-json\/wp\/v2\/posts\/1414\/revisions\/1418"}],"wp:featuredmedia":[{"embeddable":true,"href":"https:\/\/www.klikploce.com.hr\/gradac\/wp-json\/wp\/v2\/media\/1416"}],"wp:attachment":[{"href":"https:\/\/www.klikploce.com.hr\/gradac\/wp-json\/wp\/v2\/media?parent=1414"}],"wp:term":[{"taxonomy":"category","embeddable":true,"href":"https:\/\/www.klikploce.com.hr\/gradac\/wp-json\/wp\/v2\/categories?post=1414"},{"taxonomy":"post_tag","embeddable":true,"href":"https:\/\/www.klikploce.com.hr\/gradac\/wp-json\/wp\/v2\/tags?post=1414"}],"curies":[{"name":"wp","href":"https:\/\/api.w.org\/{rel}","templated":true}]}}