{"id":1408,"date":"2026-04-29T17:35:25","date_gmt":"2026-04-29T15:35:25","guid":{"rendered":"https:\/\/www.klikploce.com.hr\/gradac\/?p=1408"},"modified":"2026-04-29T19:43:30","modified_gmt":"2026-04-29T17:43:30","slug":"makarska-rivijera-trazi-bolju-zdravstvenu-zastitu","status":"publish","type":"post","link":"https:\/\/www.klikploce.com.hr\/gradac\/makarska-rivijera-trazi-bolju-zdravstvenu-zastitu\/","title":{"rendered":"Makarska rivijera tra\u017ei bolju zdravstvenu za\u0161titu"},"content":{"rendered":"<p>Gradona\u010delnik Makarske Zoran Paunovi\u0107 i na\u010delnici op\u0107ina s Makarske rivijere Stipe Ursi\u0107 (Brela), Vjekoslav Radi\u0107 (Ba\u0161ka Voda), Ante Mili\u010di\u0107 (Podgora) i Matko Buri\u0107 (Gradac) danas su odr\u017eali sastanak sa \u017eupanom Bla\u017eenkom Bobanom i ravnateljem Doma zdravlja Splitsko-dalmatinske \u017eupanije Markom Ra\u0111om, na temu unapre\u0111enja zdravstvene za\u0161tite na podru\u010dju rivijere.<\/p>\n<p>Kako pi\u0161e <a href=\"https:\/\/www.dalmacijanews.hr\/clanak\/paunovic-nacelnici-i-boban-za-istim-stolom-ureduje-se-stacionar-doma-zdravlja-spremaju-se-novi-potezi\/\">Dalmacijanews.hr<\/a>, rije\u010d je o nastavku zajedni\u010dke inicijative svih jedinica lokalne samouprave na Makarskoj rivijeri na koje ve\u0107 dulje vrijeme djeluju uskla\u0111eno s ciljem podizanja standarda zdravstvenih usluga za svoje gra\u0111ane. Na dana\u0161njem sastanku izostao je jedino Na\u010delnik Op\u0107ine Tu\u010depi Ante \u010cobrni\u0107 koji je bio sprije\u010den, no Op\u0107ina Tu\u010depi podr\u017eava sve zajedni\u010dke zaklju\u010dke.<\/p>\n<p>Kao prvi konkretan korak, dogovoreno je ulaganje u ure\u0111enje suterenskog prostora Doma zdravlja u kojem se nalazi stacionar, \u010dime \u0107e se pobolj\u0161ati uvjeti za pru\u017eanje zdravstvene skrbi.<\/p>\n<p>Na sastanku je posebno nagla\u0161eno zajedni\u0161tvo Makarske rivijere koja u ovom pitanju nastupa jedinstveno, uz jasnu spremnost grada i op\u0107ina da aktivno sudjeluju u unapre\u0111enju zdravstvenog sustava po ve\u0107 uspostavljenom klju\u010du.<\/p>\n<p>U sklopu razgovora otvorena je i tema dugoro\u010dnog ja\u010danja zdravstvenog kadra, pri \u010demu je istaknuta potreba za uvo\u0111enjem novih obrazovnih smjerova u srednjo\u0161kolskom sustavu.<\/p>\n<p>Sudionici sastanka slo\u017eili su se kako je zdravstvo jedno od klju\u010dnih pitanja kvalitete \u017eivota te da \u0107e se daljnji koraci usmjeriti na konkretne projekte i mjere koje \u0107e dugoro\u010dno osigurati vi\u0161u razinu zdravstvene za\u0161tite na Makarskoj rivijeri.<\/p>\n","protected":false},"excerpt":{"rendered":"<p>Gradona\u010delnik Makarske Zoran Paunovi\u0107 i na\u010delnici op\u0107ina s Makarske rivijere Stipe Ursi\u0107 (Brela), Vjekoslav Radi\u0107 (Ba\u0161ka Voda), Ante Mili\u010di\u0107 (Podgora) i Matko Buri\u0107 (Gradac) danas su odr\u017eali sastanak sa \u017eupanom Bla\u017eenkom Bobanom i ravnateljem Doma zdravlja Splitsko-dalmatinske \u017eupanije Markom Ra\u0111om, na temu unapre\u0111enja zdravstvene za\u0161tite na podru\u010dju rivijere. Kako pi\u0161e Dalmacijanews.hr, rije\u010d je o nastavku zajedni\u010dke inicijative svih jedinica lokalne samouprave na Makarskoj rivijeri na koje ve\u0107 dulje vrijeme djeluju uskla\u0111eno s ciljem podizanja standarda zdravstvenih usluga za svoje gra\u0111ane. Na dana\u0161njem sastanku izostao je jedino Na\u010delnik Op\u0107ine Tu\u010depi Ante \u010cobrni\u0107 koji je bio sprije\u010den, no Op\u0107ina Tu\u010depi podr\u017eava sve [&hellip;]<\/p>\n","protected":false},"author":1,"featured_media":1409,"comment_status":"closed","ping_status":"closed","sticky":false,"template":"","format":"standard","meta":{"footnotes":""},"categories":[7,6],"tags":[38,33,183],"class_list":["post-1408","post","type-post","status-publish","format-standard","has-post-thumbnail","hentry","category-gradac","category-izdvojeno","tag-makarska-rivijera","tag-opcina-gradac","tag-zdravstvena-skrb"],"yoast_head":"<!-- This site is optimized with the Yoast SEO plugin v24.4 - https:\/\/yoast.com\/wordpress\/plugins\/seo\/ -->\n<title>Makarska rivijera tra\u017ei bolju zdravstvenu za\u0161titu - Klik Gradac<\/title>\n<meta name=\"robots\" content=\"index, follow, max-snippet:-1, max-image-preview:large, max-video-preview:-1\" \/>\n<link rel=\"canonical\" href=\"https:\/\/www.klikploce.com.hr\/gradac\/makarska-rivijera-trazi-bolju-zdravstvenu-zastitu\/\" \/>\n<meta property=\"og:locale\" content=\"hr_HR\" \/>\n<meta property=\"og:type\" content=\"article\" \/>\n<meta property=\"og:title\" content=\"Makarska rivijera tra\u017ei bolju zdravstvenu za\u0161titu - Klik Gradac\" \/>\n<meta property=\"og:description\" content=\"Gradona\u010delnik Makarske Zoran Paunovi\u0107 i na\u010delnici op\u0107ina s Makarske rivijere Stipe Ursi\u0107 (Brela), Vjekoslav Radi\u0107 (Ba\u0161ka Voda), Ante Mili\u010di\u0107 (Podgora) i Matko Buri\u0107 (Gradac) danas su odr\u017eali sastanak sa \u017eupanom Bla\u017eenkom Bobanom i ravnateljem Doma zdravlja Splitsko-dalmatinske \u017eupanije Markom Ra\u0111om, na temu unapre\u0111enja zdravstvene za\u0161tite na podru\u010dju rivijere. Kako pi\u0161e Dalmacijanews.hr, rije\u010d je o nastavku zajedni\u010dke inicijative svih jedinica lokalne samouprave na Makarskoj rivijeri na koje ve\u0107 dulje vrijeme djeluju uskla\u0111eno s ciljem podizanja standarda zdravstvenih usluga za svoje gra\u0111ane. Na dana\u0161njem sastanku izostao je jedino Na\u010delnik Op\u0107ine Tu\u010depi Ante \u010cobrni\u0107 koji je bio sprije\u010den, no Op\u0107ina Tu\u010depi podr\u017eava sve [&hellip;]\" \/>\n<meta property=\"og:url\" content=\"https:\/\/www.klikploce.com.hr\/gradac\/makarska-rivijera-trazi-bolju-zdravstvenu-zastitu\/\" \/>\n<meta property=\"og:site_name\" content=\"Klik Gradac\" \/>\n<meta property=\"article:publisher\" content=\"https:\/\/www.facebook.com\/OpcinaGradac\" \/>\n<meta property=\"article:published_time\" content=\"2026-04-29T15:35:25+00:00\" \/>\n<meta property=\"article:modified_time\" content=\"2026-04-29T17:43:30+00:00\" \/>\n<meta property=\"og:image\" content=\"https:\/\/www.klikploce.com.hr\/gradac\/wp-content\/uploads\/2026\/04\/makarska_rivijera_sastanak-sa-zupanom-5-e1777474638947.jpg\" \/>\n\t<meta property=\"og:image:width\" content=\"2048\" \/>\n\t<meta property=\"og:image:height\" content=\"1440\" \/>\n\t<meta property=\"og:image:type\" content=\"image\/jpeg\" \/>\n<meta name=\"author\" content=\"Klik Gradac\" \/>\n<meta name=\"twitter:card\" content=\"summary_large_image\" \/>\n<meta name=\"twitter:label1\" content=\"Napisao\/la\" \/>\n\t<meta name=\"twitter:data1\" content=\"Klik Gradac\" \/>\n\t<meta name=\"twitter:label2\" content=\"Procijenjeno vrijeme \u010ditanja\" \/>\n\t<meta name=\"twitter:data2\" content=\"2 minute\" \/>\n<script type=\"application\/ld+json\" class=\"yoast-schema-graph\">{\"@context\":\"https:\/\/schema.org\",\"@graph\":[{\"@type\":\"Article\",\"@id\":\"https:\/\/www.klikploce.com.hr\/gradac\/makarska-rivijera-trazi-bolju-zdravstvenu-zastitu\/#article\",\"isPartOf\":{\"@id\":\"https:\/\/www.klikploce.com.hr\/gradac\/makarska-rivijera-trazi-bolju-zdravstvenu-zastitu\/\"},\"author\":{\"name\":\"Klik Gradac\",\"@id\":\"https:\/\/www.klikploce.com.hr\/gradac\/#\/schema\/person\/4aa60e5ded58973d7970d3a3c4d37e4d\"},\"headline\":\"Makarska rivijera tra\u017ei bolju zdravstvenu za\u0161titu\",\"datePublished\":\"2026-04-29T15:35:25+00:00\",\"dateModified\":\"2026-04-29T17:43:30+00:00\",\"mainEntityOfPage\":{\"@id\":\"https:\/\/www.klikploce.com.hr\/gradac\/makarska-rivijera-trazi-bolju-zdravstvenu-zastitu\/\"},\"wordCount\":272,\"publisher\":{\"@id\":\"https:\/\/www.klikploce.com.hr\/gradac\/#organization\"},\"image\":{\"@id\":\"https:\/\/www.klikploce.com.hr\/gradac\/makarska-rivijera-trazi-bolju-zdravstvenu-zastitu\/#primaryimage\"},\"thumbnailUrl\":\"https:\/\/www.klikploce.com.hr\/gradac\/wp-content\/uploads\/2026\/04\/makarska_rivijera_sastanak-sa-zupanom-5-e1777474638947.jpg\",\"keywords\":[\"makarska rivijera\",\"op\u0107ina gradac\",\"zdravstvena skrb\"],\"articleSection\":[\"Gradac\",\"Izdvojeno\"],\"inLanguage\":\"hr\"},{\"@type\":\"WebPage\",\"@id\":\"https:\/\/www.klikploce.com.hr\/gradac\/makarska-rivijera-trazi-bolju-zdravstvenu-zastitu\/\",\"url\":\"https:\/\/www.klikploce.com.hr\/gradac\/makarska-rivijera-trazi-bolju-zdravstvenu-zastitu\/\",\"name\":\"Makarska rivijera tra\u017ei bolju zdravstvenu za\u0161titu - Klik Gradac\",\"isPartOf\":{\"@id\":\"https:\/\/www.klikploce.com.hr\/gradac\/#website\"},\"primaryImageOfPage\":{\"@id\":\"https:\/\/www.klikploce.com.hr\/gradac\/makarska-rivijera-trazi-bolju-zdravstvenu-zastitu\/#primaryimage\"},\"image\":{\"@id\":\"https:\/\/www.klikploce.com.hr\/gradac\/makarska-rivijera-trazi-bolju-zdravstvenu-zastitu\/#primaryimage\"},\"thumbnailUrl\":\"https:\/\/www.klikploce.com.hr\/gradac\/wp-content\/uploads\/2026\/04\/makarska_rivijera_sastanak-sa-zupanom-5-e1777474638947.jpg\",\"datePublished\":\"2026-04-29T15:35:25+00:00\",\"dateModified\":\"2026-04-29T17:43:30+00:00\",\"breadcrumb\":{\"@id\":\"https:\/\/www.klikploce.com.hr\/gradac\/makarska-rivijera-trazi-bolju-zdravstvenu-zastitu\/#breadcrumb\"},\"inLanguage\":\"hr\",\"potentialAction\":[{\"@type\":\"ReadAction\",\"target\":[\"https:\/\/www.klikploce.com.hr\/gradac\/makarska-rivijera-trazi-bolju-zdravstvenu-zastitu\/\"]}]},{\"@type\":\"ImageObject\",\"inLanguage\":\"hr\",\"@id\":\"https:\/\/www.klikploce.com.hr\/gradac\/makarska-rivijera-trazi-bolju-zdravstvenu-zastitu\/#primaryimage\",\"url\":\"https:\/\/www.klikploce.com.hr\/gradac\/wp-content\/uploads\/2026\/04\/makarska_rivijera_sastanak-sa-zupanom-5-e1777474638947.jpg\",\"contentUrl\":\"https:\/\/www.klikploce.com.hr\/gradac\/wp-content\/uploads\/2026\/04\/makarska_rivijera_sastanak-sa-zupanom-5-e1777474638947.jpg\",\"width\":2048,\"height\":1440},{\"@type\":\"BreadcrumbList\",\"@id\":\"https:\/\/www.klikploce.com.hr\/gradac\/makarska-rivijera-trazi-bolju-zdravstvenu-zastitu\/#breadcrumb\",\"itemListElement\":[{\"@type\":\"ListItem\",\"position\":1,\"name\":\"Po\u010detna stranica\",\"item\":\"https:\/\/www.klikploce.com.hr\/gradac\/\"},{\"@type\":\"ListItem\",\"position\":2,\"name\":\"Makarska rivijera tra\u017ei bolju zdravstvenu za\u0161titu\"}]},{\"@type\":\"WebSite\",\"@id\":\"https:\/\/www.klikploce.com.hr\/gradac\/#website\",\"url\":\"https:\/\/www.klikploce.com.hr\/gradac\/\",\"name\":\"Klik Gradac\",\"description\":\"Klik Gradac\",\"publisher\":{\"@id\":\"https:\/\/www.klikploce.com.hr\/gradac\/#organization\"},\"alternateName\":\"Klik Gradac\",\"potentialAction\":[{\"@type\":\"SearchAction\",\"target\":{\"@type\":\"EntryPoint\",\"urlTemplate\":\"https:\/\/www.klikploce.com.hr\/gradac\/?s={search_term_string}\"},\"query-input\":{\"@type\":\"PropertyValueSpecification\",\"valueRequired\":true,\"valueName\":\"search_term_string\"}}],\"inLanguage\":\"hr\"},{\"@type\":\"Organization\",\"@id\":\"https:\/\/www.klikploce.com.hr\/gradac\/#organization\",\"name\":\"Klik Gradac\",\"url\":\"https:\/\/www.klikploce.com.hr\/gradac\/\",\"logo\":{\"@type\":\"ImageObject\",\"inLanguage\":\"hr\",\"@id\":\"https:\/\/www.klikploce.com.hr\/gradac\/#\/schema\/logo\/image\/\",\"url\":\"https:\/\/www.klikploce.com.hr\/gradac\/wp-content\/uploads\/2025\/02\/KLIKGRADAC.png\",\"contentUrl\":\"https:\/\/www.klikploce.com.hr\/gradac\/wp-content\/uploads\/2025\/02\/KLIKGRADAC.png\",\"width\":849,\"height\":222,\"caption\":\"Klik Gradac\"},\"image\":{\"@id\":\"https:\/\/www.klikploce.com.hr\/gradac\/#\/schema\/logo\/image\/\"},\"sameAs\":[\"https:\/\/www.facebook.com\/OpcinaGradac\"]},{\"@type\":\"Person\",\"@id\":\"https:\/\/www.klikploce.com.hr\/gradac\/#\/schema\/person\/4aa60e5ded58973d7970d3a3c4d37e4d\",\"name\":\"Klik Gradac\",\"image\":{\"@type\":\"ImageObject\",\"inLanguage\":\"hr\",\"@id\":\"https:\/\/www.klikploce.com.hr\/gradac\/#\/schema\/person\/image\/\",\"url\":\"https:\/\/secure.gravatar.com\/avatar\/d0ba1d36b11e80fab3d03d6f36ae42d9ea24590c134e8ec7d92fe7c6041b4da0?s=96&d=mm&r=g\",\"contentUrl\":\"https:\/\/secure.gravatar.com\/avatar\/d0ba1d36b11e80fab3d03d6f36ae42d9ea24590c134e8ec7d92fe7c6041b4da0?s=96&d=mm&r=g\",\"caption\":\"Klik Gradac\"},\"sameAs\":[\"https:\/\/www.klikploce.com.hr\/gradac\",\"dino.dobos\"],\"url\":\"https:\/\/www.klikploce.com.hr\/gradac\/author\/admingr\/\"}]}<\/script>\n<!-- \/ Yoast SEO plugin. -->","yoast_head_json":{"title":"Makarska rivijera tra\u017ei bolju zdravstvenu za\u0161titu - Klik Gradac","robots":{"index":"index","follow":"follow","max-snippet":"max-snippet:-1","max-image-preview":"max-image-preview:large","max-video-preview":"max-video-preview:-1"},"canonical":"https:\/\/www.klikploce.com.hr\/gradac\/makarska-rivijera-trazi-bolju-zdravstvenu-zastitu\/","og_locale":"hr_HR","og_type":"article","og_title":"Makarska rivijera tra\u017ei bolju zdravstvenu za\u0161titu - Klik Gradac","og_description":"Gradona\u010delnik Makarske Zoran Paunovi\u0107 i na\u010delnici op\u0107ina s Makarske rivijere Stipe Ursi\u0107 (Brela), Vjekoslav Radi\u0107 (Ba\u0161ka Voda), Ante Mili\u010di\u0107 (Podgora) i Matko Buri\u0107 (Gradac) danas su odr\u017eali sastanak sa \u017eupanom Bla\u017eenkom Bobanom i ravnateljem Doma zdravlja Splitsko-dalmatinske \u017eupanije Markom Ra\u0111om, na temu unapre\u0111enja zdravstvene za\u0161tite na podru\u010dju rivijere. Kako pi\u0161e Dalmacijanews.hr, rije\u010d je o nastavku zajedni\u010dke inicijative svih jedinica lokalne samouprave na Makarskoj rivijeri na koje ve\u0107 dulje vrijeme djeluju uskla\u0111eno s ciljem podizanja standarda zdravstvenih usluga za svoje gra\u0111ane. Na dana\u0161njem sastanku izostao je jedino Na\u010delnik Op\u0107ine Tu\u010depi Ante \u010cobrni\u0107 koji je bio sprije\u010den, no Op\u0107ina Tu\u010depi podr\u017eava sve [&hellip;]","og_url":"https:\/\/www.klikploce.com.hr\/gradac\/makarska-rivijera-trazi-bolju-zdravstvenu-zastitu\/","og_site_name":"Klik Gradac","article_publisher":"https:\/\/www.facebook.com\/OpcinaGradac","article_published_time":"2026-04-29T15:35:25+00:00","article_modified_time":"2026-04-29T17:43:30+00:00","og_image":[{"width":2048,"height":1440,"url":"https:\/\/www.klikploce.com.hr\/gradac\/wp-content\/uploads\/2026\/04\/makarska_rivijera_sastanak-sa-zupanom-5-e1777474638947.jpg","type":"image\/jpeg"}],"author":"Klik Gradac","twitter_card":"summary_large_image","twitter_misc":{"Napisao\/la":"Klik Gradac","Procijenjeno vrijeme \u010ditanja":"2 minute"},"schema":{"@context":"https:\/\/schema.org","@graph":[{"@type":"Article","@id":"https:\/\/www.klikploce.com.hr\/gradac\/makarska-rivijera-trazi-bolju-zdravstvenu-zastitu\/#article","isPartOf":{"@id":"https:\/\/www.klikploce.com.hr\/gradac\/makarska-rivijera-trazi-bolju-zdravstvenu-zastitu\/"},"author":{"name":"Klik Gradac","@id":"https:\/\/www.klikploce.com.hr\/gradac\/#\/schema\/person\/4aa60e5ded58973d7970d3a3c4d37e4d"},"headline":"Makarska rivijera tra\u017ei bolju zdravstvenu za\u0161titu","datePublished":"2026-04-29T15:35:25+00:00","dateModified":"2026-04-29T17:43:30+00:00","mainEntityOfPage":{"@id":"https:\/\/www.klikploce.com.hr\/gradac\/makarska-rivijera-trazi-bolju-zdravstvenu-zastitu\/"},"wordCount":272,"publisher":{"@id":"https:\/\/www.klikploce.com.hr\/gradac\/#organization"},"image":{"@id":"https:\/\/www.klikploce.com.hr\/gradac\/makarska-rivijera-trazi-bolju-zdravstvenu-zastitu\/#primaryimage"},"thumbnailUrl":"https:\/\/www.klikploce.com.hr\/gradac\/wp-content\/uploads\/2026\/04\/makarska_rivijera_sastanak-sa-zupanom-5-e1777474638947.jpg","keywords":["makarska rivijera","op\u0107ina gradac","zdravstvena skrb"],"articleSection":["Gradac","Izdvojeno"],"inLanguage":"hr"},{"@type":"WebPage","@id":"https:\/\/www.klikploce.com.hr\/gradac\/makarska-rivijera-trazi-bolju-zdravstvenu-zastitu\/","url":"https:\/\/www.klikploce.com.hr\/gradac\/makarska-rivijera-trazi-bolju-zdravstvenu-zastitu\/","name":"Makarska rivijera tra\u017ei bolju zdravstvenu za\u0161titu - Klik Gradac","isPartOf":{"@id":"https:\/\/www.klikploce.com.hr\/gradac\/#website"},"primaryImageOfPage":{"@id":"https:\/\/www.klikploce.com.hr\/gradac\/makarska-rivijera-trazi-bolju-zdravstvenu-zastitu\/#primaryimage"},"image":{"@id":"https:\/\/www.klikploce.com.hr\/gradac\/makarska-rivijera-trazi-bolju-zdravstvenu-zastitu\/#primaryimage"},"thumbnailUrl":"https:\/\/www.klikploce.com.hr\/gradac\/wp-content\/uploads\/2026\/04\/makarska_rivijera_sastanak-sa-zupanom-5-e1777474638947.jpg","datePublished":"2026-04-29T15:35:25+00:00","dateModified":"2026-04-29T17:43:30+00:00","breadcrumb":{"@id":"https:\/\/www.klikploce.com.hr\/gradac\/makarska-rivijera-trazi-bolju-zdravstvenu-zastitu\/#breadcrumb"},"inLanguage":"hr","potentialAction":[{"@type":"ReadAction","target":["https:\/\/www.klikploce.com.hr\/gradac\/makarska-rivijera-trazi-bolju-zdravstvenu-zastitu\/"]}]},{"@type":"ImageObject","inLanguage":"hr","@id":"https:\/\/www.klikploce.com.hr\/gradac\/makarska-rivijera-trazi-bolju-zdravstvenu-zastitu\/#primaryimage","url":"https:\/\/www.klikploce.com.hr\/gradac\/wp-content\/uploads\/2026\/04\/makarska_rivijera_sastanak-sa-zupanom-5-e1777474638947.jpg","contentUrl":"https:\/\/www.klikploce.com.hr\/gradac\/wp-content\/uploads\/2026\/04\/makarska_rivijera_sastanak-sa-zupanom-5-e1777474638947.jpg","width":2048,"height":1440},{"@type":"BreadcrumbList","@id":"https:\/\/www.klikploce.com.hr\/gradac\/makarska-rivijera-trazi-bolju-zdravstvenu-zastitu\/#breadcrumb","itemListElement":[{"@type":"ListItem","position":1,"name":"Po\u010detna stranica","item":"https:\/\/www.klikploce.com.hr\/gradac\/"},{"@type":"ListItem","position":2,"name":"Makarska rivijera tra\u017ei bolju zdravstvenu za\u0161titu"}]},{"@type":"WebSite","@id":"https:\/\/www.klikploce.com.hr\/gradac\/#website","url":"https:\/\/www.klikploce.com.hr\/gradac\/","name":"Klik Gradac","description":"Klik Gradac","publisher":{"@id":"https:\/\/www.klikploce.com.hr\/gradac\/#organization"},"alternateName":"Klik Gradac","potentialAction":[{"@type":"SearchAction","target":{"@type":"EntryPoint","urlTemplate":"https:\/\/www.klikploce.com.hr\/gradac\/?s={search_term_string}"},"query-input":{"@type":"PropertyValueSpecification","valueRequired":true,"valueName":"search_term_string"}}],"inLanguage":"hr"},{"@type":"Organization","@id":"https:\/\/www.klikploce.com.hr\/gradac\/#organization","name":"Klik Gradac","url":"https:\/\/www.klikploce.com.hr\/gradac\/","logo":{"@type":"ImageObject","inLanguage":"hr","@id":"https:\/\/www.klikploce.com.hr\/gradac\/#\/schema\/logo\/image\/","url":"https:\/\/www.klikploce.com.hr\/gradac\/wp-content\/uploads\/2025\/02\/KLIKGRADAC.png","contentUrl":"https:\/\/www.klikploce.com.hr\/gradac\/wp-content\/uploads\/2025\/02\/KLIKGRADAC.png","width":849,"height":222,"caption":"Klik Gradac"},"image":{"@id":"https:\/\/www.klikploce.com.hr\/gradac\/#\/schema\/logo\/image\/"},"sameAs":["https:\/\/www.facebook.com\/OpcinaGradac"]},{"@type":"Person","@id":"https:\/\/www.klikploce.com.hr\/gradac\/#\/schema\/person\/4aa60e5ded58973d7970d3a3c4d37e4d","name":"Klik Gradac","image":{"@type":"ImageObject","inLanguage":"hr","@id":"https:\/\/www.klikploce.com.hr\/gradac\/#\/schema\/person\/image\/","url":"https:\/\/secure.gravatar.com\/avatar\/d0ba1d36b11e80fab3d03d6f36ae42d9ea24590c134e8ec7d92fe7c6041b4da0?s=96&d=mm&r=g","contentUrl":"https:\/\/secure.gravatar.com\/avatar\/d0ba1d36b11e80fab3d03d6f36ae42d9ea24590c134e8ec7d92fe7c6041b4da0?s=96&d=mm&r=g","caption":"Klik Gradac"},"sameAs":["https:\/\/www.klikploce.com.hr\/gradac","dino.dobos"],"url":"https:\/\/www.klikploce.com.hr\/gradac\/author\/admingr\/"}]}},"_links":{"self":[{"href":"https:\/\/www.klikploce.com.hr\/gradac\/wp-json\/wp\/v2\/posts\/1408","targetHints":{"allow":["GET"]}}],"collection":[{"href":"https:\/\/www.klikploce.com.hr\/gradac\/wp-json\/wp\/v2\/posts"}],"about":[{"href":"https:\/\/www.klikploce.com.hr\/gradac\/wp-json\/wp\/v2\/types\/post"}],"author":[{"embeddable":true,"href":"https:\/\/www.klikploce.com.hr\/gradac\/wp-json\/wp\/v2\/users\/1"}],"replies":[{"embeddable":true,"href":"https:\/\/www.klikploce.com.hr\/gradac\/wp-json\/wp\/v2\/comments?post=1408"}],"version-history":[{"count":4,"href":"https:\/\/www.klikploce.com.hr\/gradac\/wp-json\/wp\/v2\/posts\/1408\/revisions"}],"predecessor-version":[{"id":1413,"href":"https:\/\/www.klikploce.com.hr\/gradac\/wp-json\/wp\/v2\/posts\/1408\/revisions\/1413"}],"wp:featuredmedia":[{"embeddable":true,"href":"https:\/\/www.klikploce.com.hr\/gradac\/wp-json\/wp\/v2\/media\/1409"}],"wp:attachment":[{"href":"https:\/\/www.klikploce.com.hr\/gradac\/wp-json\/wp\/v2\/media?parent=1408"}],"wp:term":[{"taxonomy":"category","embeddable":true,"href":"https:\/\/www.klikploce.com.hr\/gradac\/wp-json\/wp\/v2\/categories?post=1408"},{"taxonomy":"post_tag","embeddable":true,"href":"https:\/\/www.klikploce.com.hr\/gradac\/wp-json\/wp\/v2\/tags?post=1408"}],"curies":[{"name":"wp","href":"https:\/\/api.w.org\/{rel}","templated":true}]}}