{"id":1401,"date":"2026-04-29T11:14:59","date_gmt":"2026-04-29T09:14:59","guid":{"rendered":"https:\/\/www.klikploce.com.hr\/gradac\/?p=1401"},"modified":"2026-04-29T11:15:57","modified_gmt":"2026-04-29T09:15:57","slug":"ucenici-os-gradac-briljirali-u-kastel-novom-prvo-i-trece-mjesto-na-medunarodnom-natjecaju-ca-u-versin-rici-i-pinelu","status":"publish","type":"post","link":"https:\/\/www.klikploce.com.hr\/gradac\/ucenici-os-gradac-briljirali-u-kastel-novom-prvo-i-trece-mjesto-na-medunarodnom-natjecaju-ca-u-versin-rici-i-pinelu\/","title":{"rendered":"U\u010denici O\u0160 Gradac briljirali u Ka\u0161tel Novom na me\u0111unarodnom natje\u010daju \u201e\u010cA u versin, ri\u010di i pinelu\u201c"},"content":{"rendered":"<p>Izvrsne vijesti sti\u017eu iz Ka\u0161tel Novoga, gdje su u\u010denici 1. razreda Osnovne \u0161kole Gradac ostvarili zapa\u017een uspjeh na XI. me\u0111unarodnom natje\u010daju \u201e\u010cA u versin, ri\u010di i pinelu\u201c.<\/p>\n<p>Pod mentorstvom u\u010diteljice Ranke Rado\u0161, mladi su u\u010denici pokazali iznimnu kreativnost i talent. Posebno se istaknula Lucija Bojanovi\u0107 koja je osvojila prvo mjesto u likovnom izri\u010daju s radom \u201eSkula i \u0161kola\u201c, dok je cijeli razred osvojio tre\u0107e mjesto za skupni nastup s recitacijom \u201eBaba Katina skula\u201c.<\/p>\n<p>Natje\u010daj se provodi u organizaciji Agencija za odgoj i obrazovanje i Osnovna \u0161kola Bija\u0107i, a ovogodi\u0161nje izdanje odr\u017eano je pod temom \u0161kole i geslom \u201eSve \u010cA je pasalo \u2013 trag je ostavilo!\u201c. Manifestacija iz godine u godinu okuplja djecu i mlade s ciljem o\u010duvanja zavi\u010dajne rije\u010di i mediteranskog identiteta.<\/p>\n<p>U konkurenciji brojnih radova iz Hrvatske i inozemstva, u\u010denici iz Gradca ostvarili su zavidne rezultate, potvrdiv\u0161i kako se tradicija u njihovoj \u0161koli ne samo njeguje, ve\u0107 i aktivno \u017eivi kroz \u010ditanje, pisanje i umjetni\u010dko izra\u017eavanje.<\/p>\n<p>Ovaj uspjeh predstavlja priznanje trudu i talentu u\u010denika, ali i poticaj daljnjem o\u010duvanju kulturne ba\u0161tine, koja zahvaljuju\u0107i najmla\u0111ima nastavlja \u017eivjeti u \u0161koli i lokalnoj zajednici.<\/p>\n<p style=\"text-align: center;\"><img loading=\"lazy\" decoding=\"async\" class=\"aligncenter size-full wp-image-1402\" src=\"https:\/\/www.klikploce.com.hr\/gradac\/wp-content\/uploads\/2026\/04\/FB_IMG_1777453887144.jpg\" alt=\"\" width=\"952\" height=\"557\" \/> <img loading=\"lazy\" decoding=\"async\" class=\"aligncenter size-full wp-image-1403\" src=\"https:\/\/www.klikploce.com.hr\/gradac\/wp-content\/uploads\/2026\/04\/FB_IMG_1777453889994.jpg\" alt=\"\" width=\"1407\" height=\"1004\" \/><\/p>\n","protected":false},"excerpt":{"rendered":"<p>Izvrsne vijesti sti\u017eu iz Ka\u0161tel Novoga, gdje su u\u010denici 1. razreda Osnovne \u0161kole Gradac ostvarili zapa\u017een uspjeh na XI. me\u0111unarodnom natje\u010daju \u201e\u010cA u versin, ri\u010di i pinelu\u201c. Pod mentorstvom u\u010diteljice Ranke Rado\u0161, mladi su u\u010denici pokazali iznimnu kreativnost i talent. Posebno se istaknula Lucija Bojanovi\u0107 koja je osvojila prvo mjesto u likovnom izri\u010daju s radom \u201eSkula i \u0161kola\u201c, dok je cijeli razred osvojio tre\u0107e mjesto za skupni nastup s recitacijom \u201eBaba Katina skula\u201c. Natje\u010daj se provodi u organizaciji Agencija za odgoj i obrazovanje i Osnovna \u0161kola Bija\u0107i, a ovogodi\u0161nje izdanje odr\u017eano je pod temom \u0161kole i geslom \u201eSve \u010cA je [&hellip;]<\/p>\n","protected":false},"author":1,"featured_media":1404,"comment_status":"closed","ping_status":"closed","sticky":false,"template":"","format":"standard","meta":{"footnotes":""},"categories":[7,6],"tags":[152,61],"class_list":["post-1401","post","type-post","status-publish","format-standard","has-post-thumbnail","hentry","category-gradac","category-izdvojeno","tag-lidrano","tag-osnovna-skola"],"yoast_head":"<!-- This site is optimized with the Yoast SEO plugin v24.4 - https:\/\/yoast.com\/wordpress\/plugins\/seo\/ -->\n<title>U\u010denici O\u0160 Gradac briljirali u Ka\u0161tel Novom na me\u0111unarodnom natje\u010daju \u201e\u010cA u versin, ri\u010di i pinelu\u201c - Klik Gradac<\/title>\n<meta name=\"robots\" content=\"index, follow, max-snippet:-1, max-image-preview:large, max-video-preview:-1\" \/>\n<link rel=\"canonical\" href=\"https:\/\/www.klikploce.com.hr\/gradac\/ucenici-os-gradac-briljirali-u-kastel-novom-prvo-i-trece-mjesto-na-medunarodnom-natjecaju-ca-u-versin-rici-i-pinelu\/\" \/>\n<meta property=\"og:locale\" content=\"hr_HR\" \/>\n<meta property=\"og:type\" content=\"article\" \/>\n<meta property=\"og:title\" content=\"U\u010denici O\u0160 Gradac briljirali u Ka\u0161tel Novom na me\u0111unarodnom natje\u010daju \u201e\u010cA u versin, ri\u010di i pinelu\u201c - Klik Gradac\" \/>\n<meta property=\"og:description\" content=\"Izvrsne vijesti sti\u017eu iz Ka\u0161tel Novoga, gdje su u\u010denici 1. razreda Osnovne \u0161kole Gradac ostvarili zapa\u017een uspjeh na XI. me\u0111unarodnom natje\u010daju \u201e\u010cA u versin, ri\u010di i pinelu\u201c. Pod mentorstvom u\u010diteljice Ranke Rado\u0161, mladi su u\u010denici pokazali iznimnu kreativnost i talent. Posebno se istaknula Lucija Bojanovi\u0107 koja je osvojila prvo mjesto u likovnom izri\u010daju s radom \u201eSkula i \u0161kola\u201c, dok je cijeli razred osvojio tre\u0107e mjesto za skupni nastup s recitacijom \u201eBaba Katina skula\u201c. Natje\u010daj se provodi u organizaciji Agencija za odgoj i obrazovanje i Osnovna \u0161kola Bija\u0107i, a ovogodi\u0161nje izdanje odr\u017eano je pod temom \u0161kole i geslom \u201eSve \u010cA je [&hellip;]\" \/>\n<meta property=\"og:url\" content=\"https:\/\/www.klikploce.com.hr\/gradac\/ucenici-os-gradac-briljirali-u-kastel-novom-prvo-i-trece-mjesto-na-medunarodnom-natjecaju-ca-u-versin-rici-i-pinelu\/\" \/>\n<meta property=\"og:site_name\" content=\"Klik Gradac\" \/>\n<meta property=\"article:publisher\" content=\"https:\/\/www.facebook.com\/OpcinaGradac\" \/>\n<meta property=\"article:published_time\" content=\"2026-04-29T09:14:59+00:00\" \/>\n<meta property=\"article:modified_time\" content=\"2026-04-29T09:15:57+00:00\" \/>\n<meta property=\"og:image\" content=\"https:\/\/www.klikploce.com.hr\/gradac\/wp-content\/uploads\/2026\/04\/FB_IMG_1777453883748.jpg\" \/>\n\t<meta property=\"og:image:width\" content=\"1443\" \/>\n\t<meta property=\"og:image:height\" content=\"875\" \/>\n\t<meta property=\"og:image:type\" content=\"image\/jpeg\" \/>\n<meta name=\"author\" content=\"Klik Gradac\" \/>\n<meta name=\"twitter:card\" content=\"summary_large_image\" \/>\n<meta name=\"twitter:label1\" content=\"Napisao\/la\" \/>\n\t<meta name=\"twitter:data1\" content=\"Klik Gradac\" \/>\n\t<meta name=\"twitter:label2\" content=\"Procijenjeno vrijeme \u010ditanja\" \/>\n\t<meta name=\"twitter:data2\" content=\"2 minute\" \/>\n<script type=\"application\/ld+json\" class=\"yoast-schema-graph\">{\"@context\":\"https:\/\/schema.org\",\"@graph\":[{\"@type\":\"Article\",\"@id\":\"https:\/\/www.klikploce.com.hr\/gradac\/ucenici-os-gradac-briljirali-u-kastel-novom-prvo-i-trece-mjesto-na-medunarodnom-natjecaju-ca-u-versin-rici-i-pinelu\/#article\",\"isPartOf\":{\"@id\":\"https:\/\/www.klikploce.com.hr\/gradac\/ucenici-os-gradac-briljirali-u-kastel-novom-prvo-i-trece-mjesto-na-medunarodnom-natjecaju-ca-u-versin-rici-i-pinelu\/\"},\"author\":{\"name\":\"Klik Gradac\",\"@id\":\"https:\/\/www.klikploce.com.hr\/gradac\/#\/schema\/person\/4aa60e5ded58973d7970d3a3c4d37e4d\"},\"headline\":\"U\u010denici O\u0160 Gradac briljirali u Ka\u0161tel Novom na me\u0111unarodnom natje\u010daju \u201e\u010cA u versin, ri\u010di i pinelu\u201c\",\"datePublished\":\"2026-04-29T09:14:59+00:00\",\"dateModified\":\"2026-04-29T09:15:57+00:00\",\"mainEntityOfPage\":{\"@id\":\"https:\/\/www.klikploce.com.hr\/gradac\/ucenici-os-gradac-briljirali-u-kastel-novom-prvo-i-trece-mjesto-na-medunarodnom-natjecaju-ca-u-versin-rici-i-pinelu\/\"},\"wordCount\":228,\"publisher\":{\"@id\":\"https:\/\/www.klikploce.com.hr\/gradac\/#organization\"},\"image\":{\"@id\":\"https:\/\/www.klikploce.com.hr\/gradac\/ucenici-os-gradac-briljirali-u-kastel-novom-prvo-i-trece-mjesto-na-medunarodnom-natjecaju-ca-u-versin-rici-i-pinelu\/#primaryimage\"},\"thumbnailUrl\":\"https:\/\/www.klikploce.com.hr\/gradac\/wp-content\/uploads\/2026\/04\/FB_IMG_1777453883748.jpg\",\"keywords\":[\"lidrano\",\"osnovna \u0161kola\"],\"articleSection\":[\"Gradac\",\"Izdvojeno\"],\"inLanguage\":\"hr\"},{\"@type\":\"WebPage\",\"@id\":\"https:\/\/www.klikploce.com.hr\/gradac\/ucenici-os-gradac-briljirali-u-kastel-novom-prvo-i-trece-mjesto-na-medunarodnom-natjecaju-ca-u-versin-rici-i-pinelu\/\",\"url\":\"https:\/\/www.klikploce.com.hr\/gradac\/ucenici-os-gradac-briljirali-u-kastel-novom-prvo-i-trece-mjesto-na-medunarodnom-natjecaju-ca-u-versin-rici-i-pinelu\/\",\"name\":\"U\u010denici O\u0160 Gradac briljirali u Ka\u0161tel Novom na me\u0111unarodnom natje\u010daju \u201e\u010cA u versin, ri\u010di i pinelu\u201c - Klik Gradac\",\"isPartOf\":{\"@id\":\"https:\/\/www.klikploce.com.hr\/gradac\/#website\"},\"primaryImageOfPage\":{\"@id\":\"https:\/\/www.klikploce.com.hr\/gradac\/ucenici-os-gradac-briljirali-u-kastel-novom-prvo-i-trece-mjesto-na-medunarodnom-natjecaju-ca-u-versin-rici-i-pinelu\/#primaryimage\"},\"image\":{\"@id\":\"https:\/\/www.klikploce.com.hr\/gradac\/ucenici-os-gradac-briljirali-u-kastel-novom-prvo-i-trece-mjesto-na-medunarodnom-natjecaju-ca-u-versin-rici-i-pinelu\/#primaryimage\"},\"thumbnailUrl\":\"https:\/\/www.klikploce.com.hr\/gradac\/wp-content\/uploads\/2026\/04\/FB_IMG_1777453883748.jpg\",\"datePublished\":\"2026-04-29T09:14:59+00:00\",\"dateModified\":\"2026-04-29T09:15:57+00:00\",\"breadcrumb\":{\"@id\":\"https:\/\/www.klikploce.com.hr\/gradac\/ucenici-os-gradac-briljirali-u-kastel-novom-prvo-i-trece-mjesto-na-medunarodnom-natjecaju-ca-u-versin-rici-i-pinelu\/#breadcrumb\"},\"inLanguage\":\"hr\",\"potentialAction\":[{\"@type\":\"ReadAction\",\"target\":[\"https:\/\/www.klikploce.com.hr\/gradac\/ucenici-os-gradac-briljirali-u-kastel-novom-prvo-i-trece-mjesto-na-medunarodnom-natjecaju-ca-u-versin-rici-i-pinelu\/\"]}]},{\"@type\":\"ImageObject\",\"inLanguage\":\"hr\",\"@id\":\"https:\/\/www.klikploce.com.hr\/gradac\/ucenici-os-gradac-briljirali-u-kastel-novom-prvo-i-trece-mjesto-na-medunarodnom-natjecaju-ca-u-versin-rici-i-pinelu\/#primaryimage\",\"url\":\"https:\/\/www.klikploce.com.hr\/gradac\/wp-content\/uploads\/2026\/04\/FB_IMG_1777453883748.jpg\",\"contentUrl\":\"https:\/\/www.klikploce.com.hr\/gradac\/wp-content\/uploads\/2026\/04\/FB_IMG_1777453883748.jpg\",\"width\":1443,\"height\":875},{\"@type\":\"BreadcrumbList\",\"@id\":\"https:\/\/www.klikploce.com.hr\/gradac\/ucenici-os-gradac-briljirali-u-kastel-novom-prvo-i-trece-mjesto-na-medunarodnom-natjecaju-ca-u-versin-rici-i-pinelu\/#breadcrumb\",\"itemListElement\":[{\"@type\":\"ListItem\",\"position\":1,\"name\":\"Po\u010detna stranica\",\"item\":\"https:\/\/www.klikploce.com.hr\/gradac\/\"},{\"@type\":\"ListItem\",\"position\":2,\"name\":\"U\u010denici O\u0160 Gradac briljirali u Ka\u0161tel Novom na me\u0111unarodnom natje\u010daju \u201e\u010cA u versin, ri\u010di i pinelu\u201c\"}]},{\"@type\":\"WebSite\",\"@id\":\"https:\/\/www.klikploce.com.hr\/gradac\/#website\",\"url\":\"https:\/\/www.klikploce.com.hr\/gradac\/\",\"name\":\"Klik Gradac\",\"description\":\"Klik Gradac\",\"publisher\":{\"@id\":\"https:\/\/www.klikploce.com.hr\/gradac\/#organization\"},\"alternateName\":\"Klik Gradac\",\"potentialAction\":[{\"@type\":\"SearchAction\",\"target\":{\"@type\":\"EntryPoint\",\"urlTemplate\":\"https:\/\/www.klikploce.com.hr\/gradac\/?s={search_term_string}\"},\"query-input\":{\"@type\":\"PropertyValueSpecification\",\"valueRequired\":true,\"valueName\":\"search_term_string\"}}],\"inLanguage\":\"hr\"},{\"@type\":\"Organization\",\"@id\":\"https:\/\/www.klikploce.com.hr\/gradac\/#organization\",\"name\":\"Klik Gradac\",\"url\":\"https:\/\/www.klikploce.com.hr\/gradac\/\",\"logo\":{\"@type\":\"ImageObject\",\"inLanguage\":\"hr\",\"@id\":\"https:\/\/www.klikploce.com.hr\/gradac\/#\/schema\/logo\/image\/\",\"url\":\"https:\/\/www.klikploce.com.hr\/gradac\/wp-content\/uploads\/2025\/02\/KLIKGRADAC.png\",\"contentUrl\":\"https:\/\/www.klikploce.com.hr\/gradac\/wp-content\/uploads\/2025\/02\/KLIKGRADAC.png\",\"width\":849,\"height\":222,\"caption\":\"Klik Gradac\"},\"image\":{\"@id\":\"https:\/\/www.klikploce.com.hr\/gradac\/#\/schema\/logo\/image\/\"},\"sameAs\":[\"https:\/\/www.facebook.com\/OpcinaGradac\"]},{\"@type\":\"Person\",\"@id\":\"https:\/\/www.klikploce.com.hr\/gradac\/#\/schema\/person\/4aa60e5ded58973d7970d3a3c4d37e4d\",\"name\":\"Klik Gradac\",\"image\":{\"@type\":\"ImageObject\",\"inLanguage\":\"hr\",\"@id\":\"https:\/\/www.klikploce.com.hr\/gradac\/#\/schema\/person\/image\/\",\"url\":\"https:\/\/secure.gravatar.com\/avatar\/d0ba1d36b11e80fab3d03d6f36ae42d9ea24590c134e8ec7d92fe7c6041b4da0?s=96&d=mm&r=g\",\"contentUrl\":\"https:\/\/secure.gravatar.com\/avatar\/d0ba1d36b11e80fab3d03d6f36ae42d9ea24590c134e8ec7d92fe7c6041b4da0?s=96&d=mm&r=g\",\"caption\":\"Klik Gradac\"},\"sameAs\":[\"https:\/\/www.klikploce.com.hr\/gradac\",\"dino.dobos\"],\"url\":\"https:\/\/www.klikploce.com.hr\/gradac\/author\/admingr\/\"}]}<\/script>\n<!-- \/ Yoast SEO plugin. -->","yoast_head_json":{"title":"U\u010denici O\u0160 Gradac briljirali u Ka\u0161tel Novom na me\u0111unarodnom natje\u010daju \u201e\u010cA u versin, ri\u010di i pinelu\u201c - Klik Gradac","robots":{"index":"index","follow":"follow","max-snippet":"max-snippet:-1","max-image-preview":"max-image-preview:large","max-video-preview":"max-video-preview:-1"},"canonical":"https:\/\/www.klikploce.com.hr\/gradac\/ucenici-os-gradac-briljirali-u-kastel-novom-prvo-i-trece-mjesto-na-medunarodnom-natjecaju-ca-u-versin-rici-i-pinelu\/","og_locale":"hr_HR","og_type":"article","og_title":"U\u010denici O\u0160 Gradac briljirali u Ka\u0161tel Novom na me\u0111unarodnom natje\u010daju \u201e\u010cA u versin, ri\u010di i pinelu\u201c - Klik Gradac","og_description":"Izvrsne vijesti sti\u017eu iz Ka\u0161tel Novoga, gdje su u\u010denici 1. razreda Osnovne \u0161kole Gradac ostvarili zapa\u017een uspjeh na XI. me\u0111unarodnom natje\u010daju \u201e\u010cA u versin, ri\u010di i pinelu\u201c. Pod mentorstvom u\u010diteljice Ranke Rado\u0161, mladi su u\u010denici pokazali iznimnu kreativnost i talent. Posebno se istaknula Lucija Bojanovi\u0107 koja je osvojila prvo mjesto u likovnom izri\u010daju s radom \u201eSkula i \u0161kola\u201c, dok je cijeli razred osvojio tre\u0107e mjesto za skupni nastup s recitacijom \u201eBaba Katina skula\u201c. Natje\u010daj se provodi u organizaciji Agencija za odgoj i obrazovanje i Osnovna \u0161kola Bija\u0107i, a ovogodi\u0161nje izdanje odr\u017eano je pod temom \u0161kole i geslom \u201eSve \u010cA je [&hellip;]","og_url":"https:\/\/www.klikploce.com.hr\/gradac\/ucenici-os-gradac-briljirali-u-kastel-novom-prvo-i-trece-mjesto-na-medunarodnom-natjecaju-ca-u-versin-rici-i-pinelu\/","og_site_name":"Klik Gradac","article_publisher":"https:\/\/www.facebook.com\/OpcinaGradac","article_published_time":"2026-04-29T09:14:59+00:00","article_modified_time":"2026-04-29T09:15:57+00:00","og_image":[{"width":1443,"height":875,"url":"https:\/\/www.klikploce.com.hr\/gradac\/wp-content\/uploads\/2026\/04\/FB_IMG_1777453883748.jpg","type":"image\/jpeg"}],"author":"Klik Gradac","twitter_card":"summary_large_image","twitter_misc":{"Napisao\/la":"Klik Gradac","Procijenjeno vrijeme \u010ditanja":"2 minute"},"schema":{"@context":"https:\/\/schema.org","@graph":[{"@type":"Article","@id":"https:\/\/www.klikploce.com.hr\/gradac\/ucenici-os-gradac-briljirali-u-kastel-novom-prvo-i-trece-mjesto-na-medunarodnom-natjecaju-ca-u-versin-rici-i-pinelu\/#article","isPartOf":{"@id":"https:\/\/www.klikploce.com.hr\/gradac\/ucenici-os-gradac-briljirali-u-kastel-novom-prvo-i-trece-mjesto-na-medunarodnom-natjecaju-ca-u-versin-rici-i-pinelu\/"},"author":{"name":"Klik Gradac","@id":"https:\/\/www.klikploce.com.hr\/gradac\/#\/schema\/person\/4aa60e5ded58973d7970d3a3c4d37e4d"},"headline":"U\u010denici O\u0160 Gradac briljirali u Ka\u0161tel Novom na me\u0111unarodnom natje\u010daju \u201e\u010cA u versin, ri\u010di i pinelu\u201c","datePublished":"2026-04-29T09:14:59+00:00","dateModified":"2026-04-29T09:15:57+00:00","mainEntityOfPage":{"@id":"https:\/\/www.klikploce.com.hr\/gradac\/ucenici-os-gradac-briljirali-u-kastel-novom-prvo-i-trece-mjesto-na-medunarodnom-natjecaju-ca-u-versin-rici-i-pinelu\/"},"wordCount":228,"publisher":{"@id":"https:\/\/www.klikploce.com.hr\/gradac\/#organization"},"image":{"@id":"https:\/\/www.klikploce.com.hr\/gradac\/ucenici-os-gradac-briljirali-u-kastel-novom-prvo-i-trece-mjesto-na-medunarodnom-natjecaju-ca-u-versin-rici-i-pinelu\/#primaryimage"},"thumbnailUrl":"https:\/\/www.klikploce.com.hr\/gradac\/wp-content\/uploads\/2026\/04\/FB_IMG_1777453883748.jpg","keywords":["lidrano","osnovna \u0161kola"],"articleSection":["Gradac","Izdvojeno"],"inLanguage":"hr"},{"@type":"WebPage","@id":"https:\/\/www.klikploce.com.hr\/gradac\/ucenici-os-gradac-briljirali-u-kastel-novom-prvo-i-trece-mjesto-na-medunarodnom-natjecaju-ca-u-versin-rici-i-pinelu\/","url":"https:\/\/www.klikploce.com.hr\/gradac\/ucenici-os-gradac-briljirali-u-kastel-novom-prvo-i-trece-mjesto-na-medunarodnom-natjecaju-ca-u-versin-rici-i-pinelu\/","name":"U\u010denici O\u0160 Gradac briljirali u Ka\u0161tel Novom na me\u0111unarodnom natje\u010daju \u201e\u010cA u versin, ri\u010di i pinelu\u201c - Klik Gradac","isPartOf":{"@id":"https:\/\/www.klikploce.com.hr\/gradac\/#website"},"primaryImageOfPage":{"@id":"https:\/\/www.klikploce.com.hr\/gradac\/ucenici-os-gradac-briljirali-u-kastel-novom-prvo-i-trece-mjesto-na-medunarodnom-natjecaju-ca-u-versin-rici-i-pinelu\/#primaryimage"},"image":{"@id":"https:\/\/www.klikploce.com.hr\/gradac\/ucenici-os-gradac-briljirali-u-kastel-novom-prvo-i-trece-mjesto-na-medunarodnom-natjecaju-ca-u-versin-rici-i-pinelu\/#primaryimage"},"thumbnailUrl":"https:\/\/www.klikploce.com.hr\/gradac\/wp-content\/uploads\/2026\/04\/FB_IMG_1777453883748.jpg","datePublished":"2026-04-29T09:14:59+00:00","dateModified":"2026-04-29T09:15:57+00:00","breadcrumb":{"@id":"https:\/\/www.klikploce.com.hr\/gradac\/ucenici-os-gradac-briljirali-u-kastel-novom-prvo-i-trece-mjesto-na-medunarodnom-natjecaju-ca-u-versin-rici-i-pinelu\/#breadcrumb"},"inLanguage":"hr","potentialAction":[{"@type":"ReadAction","target":["https:\/\/www.klikploce.com.hr\/gradac\/ucenici-os-gradac-briljirali-u-kastel-novom-prvo-i-trece-mjesto-na-medunarodnom-natjecaju-ca-u-versin-rici-i-pinelu\/"]}]},{"@type":"ImageObject","inLanguage":"hr","@id":"https:\/\/www.klikploce.com.hr\/gradac\/ucenici-os-gradac-briljirali-u-kastel-novom-prvo-i-trece-mjesto-na-medunarodnom-natjecaju-ca-u-versin-rici-i-pinelu\/#primaryimage","url":"https:\/\/www.klikploce.com.hr\/gradac\/wp-content\/uploads\/2026\/04\/FB_IMG_1777453883748.jpg","contentUrl":"https:\/\/www.klikploce.com.hr\/gradac\/wp-content\/uploads\/2026\/04\/FB_IMG_1777453883748.jpg","width":1443,"height":875},{"@type":"BreadcrumbList","@id":"https:\/\/www.klikploce.com.hr\/gradac\/ucenici-os-gradac-briljirali-u-kastel-novom-prvo-i-trece-mjesto-na-medunarodnom-natjecaju-ca-u-versin-rici-i-pinelu\/#breadcrumb","itemListElement":[{"@type":"ListItem","position":1,"name":"Po\u010detna stranica","item":"https:\/\/www.klikploce.com.hr\/gradac\/"},{"@type":"ListItem","position":2,"name":"U\u010denici O\u0160 Gradac briljirali u Ka\u0161tel Novom na me\u0111unarodnom natje\u010daju \u201e\u010cA u versin, ri\u010di i pinelu\u201c"}]},{"@type":"WebSite","@id":"https:\/\/www.klikploce.com.hr\/gradac\/#website","url":"https:\/\/www.klikploce.com.hr\/gradac\/","name":"Klik Gradac","description":"Klik Gradac","publisher":{"@id":"https:\/\/www.klikploce.com.hr\/gradac\/#organization"},"alternateName":"Klik Gradac","potentialAction":[{"@type":"SearchAction","target":{"@type":"EntryPoint","urlTemplate":"https:\/\/www.klikploce.com.hr\/gradac\/?s={search_term_string}"},"query-input":{"@type":"PropertyValueSpecification","valueRequired":true,"valueName":"search_term_string"}}],"inLanguage":"hr"},{"@type":"Organization","@id":"https:\/\/www.klikploce.com.hr\/gradac\/#organization","name":"Klik Gradac","url":"https:\/\/www.klikploce.com.hr\/gradac\/","logo":{"@type":"ImageObject","inLanguage":"hr","@id":"https:\/\/www.klikploce.com.hr\/gradac\/#\/schema\/logo\/image\/","url":"https:\/\/www.klikploce.com.hr\/gradac\/wp-content\/uploads\/2025\/02\/KLIKGRADAC.png","contentUrl":"https:\/\/www.klikploce.com.hr\/gradac\/wp-content\/uploads\/2025\/02\/KLIKGRADAC.png","width":849,"height":222,"caption":"Klik Gradac"},"image":{"@id":"https:\/\/www.klikploce.com.hr\/gradac\/#\/schema\/logo\/image\/"},"sameAs":["https:\/\/www.facebook.com\/OpcinaGradac"]},{"@type":"Person","@id":"https:\/\/www.klikploce.com.hr\/gradac\/#\/schema\/person\/4aa60e5ded58973d7970d3a3c4d37e4d","name":"Klik Gradac","image":{"@type":"ImageObject","inLanguage":"hr","@id":"https:\/\/www.klikploce.com.hr\/gradac\/#\/schema\/person\/image\/","url":"https:\/\/secure.gravatar.com\/avatar\/d0ba1d36b11e80fab3d03d6f36ae42d9ea24590c134e8ec7d92fe7c6041b4da0?s=96&d=mm&r=g","contentUrl":"https:\/\/secure.gravatar.com\/avatar\/d0ba1d36b11e80fab3d03d6f36ae42d9ea24590c134e8ec7d92fe7c6041b4da0?s=96&d=mm&r=g","caption":"Klik Gradac"},"sameAs":["https:\/\/www.klikploce.com.hr\/gradac","dino.dobos"],"url":"https:\/\/www.klikploce.com.hr\/gradac\/author\/admingr\/"}]}},"_links":{"self":[{"href":"https:\/\/www.klikploce.com.hr\/gradac\/wp-json\/wp\/v2\/posts\/1401","targetHints":{"allow":["GET"]}}],"collection":[{"href":"https:\/\/www.klikploce.com.hr\/gradac\/wp-json\/wp\/v2\/posts"}],"about":[{"href":"https:\/\/www.klikploce.com.hr\/gradac\/wp-json\/wp\/v2\/types\/post"}],"author":[{"embeddable":true,"href":"https:\/\/www.klikploce.com.hr\/gradac\/wp-json\/wp\/v2\/users\/1"}],"replies":[{"embeddable":true,"href":"https:\/\/www.klikploce.com.hr\/gradac\/wp-json\/wp\/v2\/comments?post=1401"}],"version-history":[{"count":3,"href":"https:\/\/www.klikploce.com.hr\/gradac\/wp-json\/wp\/v2\/posts\/1401\/revisions"}],"predecessor-version":[{"id":1407,"href":"https:\/\/www.klikploce.com.hr\/gradac\/wp-json\/wp\/v2\/posts\/1401\/revisions\/1407"}],"wp:featuredmedia":[{"embeddable":true,"href":"https:\/\/www.klikploce.com.hr\/gradac\/wp-json\/wp\/v2\/media\/1404"}],"wp:attachment":[{"href":"https:\/\/www.klikploce.com.hr\/gradac\/wp-json\/wp\/v2\/media?parent=1401"}],"wp:term":[{"taxonomy":"category","embeddable":true,"href":"https:\/\/www.klikploce.com.hr\/gradac\/wp-json\/wp\/v2\/categories?post=1401"},{"taxonomy":"post_tag","embeddable":true,"href":"https:\/\/www.klikploce.com.hr\/gradac\/wp-json\/wp\/v2\/tags?post=1401"}],"curies":[{"name":"wp","href":"https:\/\/api.w.org\/{rel}","templated":true}]}}