{"id":1373,"date":"2026-04-27T09:24:40","date_gmt":"2026-04-27T07:24:40","guid":{"rendered":"https:\/\/www.klikploce.com.hr\/gradac\/?p=1373"},"modified":"2026-04-27T09:25:44","modified_gmt":"2026-04-27T07:25:44","slug":"more-opsena-odusevilo-publiku-u-bristu-najavljen-i-dugometrazni-film-u-gradcu","status":"publish","type":"post","link":"https:\/\/www.klikploce.com.hr\/gradac\/more-opsena-odusevilo-publiku-u-bristu-najavljen-i-dugometrazni-film-u-gradcu\/","title":{"rendered":"\u201eMore opsena\u201c odu\u0161evilo publiku u Bristu, najavljeno snimanje dugometra\u017enog filma u Gradcu"},"content":{"rendered":"<p>U petak je Dom kulture u Bristu bio ispunjen do posljednjeg mjesta povodom projekcije kratkometra\u017enog filma \u201eMore opsena\u201c, koja je zavr\u0161ila uz sna\u017ean pljesak publike. Ve\u010der posve\u0107ena filmu protekla je u toploj i sve\u010danoj atmosferi, uz vidljivo zadovoljstvo okupljenih gledatelja.<\/p>\n<p>Nakon projekcije prisutnima se obratio snimatelj zvuka Nikola Peko, zahvaliv\u0161i na podr\u0161ci te najaviv\u0161i novi projekt \u2013 snimanje dugometra\u017enog filma na podru\u010dju Gradca, \u0161to je dodatno razveselilo publiku i sudionike ve\u010deri.<\/p>\n<p>U sklopu programa uru\u010dene su i zahvalnice svima koji su doprinijeli realizaciji filma. Me\u0111u nagra\u0111enima su na\u010delnik Op\u0107ine Gradac Matko Buri\u0107, Marija Lozina, Pero Jurec, profesorica Milica Kralj i Smiljana Ujdur, dok je zahvalnicu u ime nedavno preminulog brata Lea Peke preuzeo Ozren Peko, u jednom od emotivnijih trenutaka ve\u010deri.<\/p>\n<p>Sve\u010dan, dirljiv i dostojanstven program jo\u0161 je jednom potvrdio va\u017enost zajedni\u010dkih kulturnih projekata i suradnje, uz poruku zahvalnosti cijeloj ekipi koja stoji iza filma.<\/p>\n<p style=\"text-align: center;\"><img loading=\"lazy\" decoding=\"async\" class=\"aligncenter size-full wp-image-1374\" src=\"https:\/\/www.klikploce.com.hr\/gradac\/wp-content\/uploads\/2026\/04\/FB_IMG_1777274020995.jpg\" alt=\"\" width=\"1536\" height=\"2048\" \/> <img loading=\"lazy\" decoding=\"async\" class=\"aligncenter size-full wp-image-1375\" src=\"https:\/\/www.klikploce.com.hr\/gradac\/wp-content\/uploads\/2026\/04\/FB_IMG_1777274024479.jpg\" alt=\"\" width=\"1536\" height=\"2048\" \/> <img loading=\"lazy\" decoding=\"async\" class=\"aligncenter size-full wp-image-1376\" src=\"https:\/\/www.klikploce.com.hr\/gradac\/wp-content\/uploads\/2026\/04\/FB_IMG_1777274033524.jpg\" alt=\"\" width=\"1536\" height=\"2048\" \/> <img loading=\"lazy\" decoding=\"async\" class=\"aligncenter size-full wp-image-1377\" src=\"https:\/\/www.klikploce.com.hr\/gradac\/wp-content\/uploads\/2026\/04\/FB_IMG_1777274036250.jpg\" alt=\"\" width=\"1536\" height=\"2048\" \/> <img loading=\"lazy\" decoding=\"async\" class=\"aligncenter size-full wp-image-1378\" src=\"https:\/\/www.klikploce.com.hr\/gradac\/wp-content\/uploads\/2026\/04\/FB_IMG_1777274038502.jpg\" alt=\"\" width=\"750\" height=\"1000\" \/><\/p>\n","protected":false},"excerpt":{"rendered":"<p>U petak je Dom kulture u Bristu bio ispunjen do posljednjeg mjesta povodom projekcije kratkometra\u017enog filma \u201eMore opsena\u201c, koja je zavr\u0161ila uz sna\u017ean pljesak publike. Ve\u010der posve\u0107ena filmu protekla je u toploj i sve\u010danoj atmosferi, uz vidljivo zadovoljstvo okupljenih gledatelja. Nakon projekcije prisutnima se obratio snimatelj zvuka Nikola Peko, zahvaliv\u0161i na podr\u0161ci te najaviv\u0161i novi projekt \u2013 snimanje dugometra\u017enog filma na podru\u010dju Gradca, \u0161to je dodatno razveselilo publiku i sudionike ve\u010deri. U sklopu programa uru\u010dene su i zahvalnice svima koji su doprinijeli realizaciji filma. Me\u0111u nagra\u0111enima su na\u010delnik Op\u0107ine Gradac Matko Buri\u0107, Marija Lozina, Pero Jurec, profesorica Milica Kralj i [&hellip;]<\/p>\n","protected":false},"author":1,"featured_media":1379,"comment_status":"closed","ping_status":"closed","sticky":false,"template":"","format":"standard","meta":{"footnotes":""},"categories":[8,6],"tags":[78,77],"class_list":["post-1373","post","type-post","status-publish","format-standard","has-post-thumbnail","hentry","category-brist","category-izdvojeno","tag-more-opsena","tag-nikola-peko"],"yoast_head":"<!-- This site is optimized with the Yoast SEO plugin v24.4 - https:\/\/yoast.com\/wordpress\/plugins\/seo\/ -->\n<title>\u201eMore opsena\u201c odu\u0161evilo publiku u Bristu, najavljeno snimanje dugometra\u017enog filma u Gradcu - Klik Gradac<\/title>\n<meta name=\"robots\" content=\"index, follow, max-snippet:-1, max-image-preview:large, max-video-preview:-1\" \/>\n<link rel=\"canonical\" href=\"https:\/\/www.klikploce.com.hr\/gradac\/more-opsena-odusevilo-publiku-u-bristu-najavljen-i-dugometrazni-film-u-gradcu\/\" \/>\n<meta property=\"og:locale\" content=\"hr_HR\" \/>\n<meta property=\"og:type\" content=\"article\" \/>\n<meta property=\"og:title\" content=\"\u201eMore opsena\u201c odu\u0161evilo publiku u Bristu, najavljeno snimanje dugometra\u017enog filma u Gradcu - Klik Gradac\" \/>\n<meta property=\"og:description\" content=\"U petak je Dom kulture u Bristu bio ispunjen do posljednjeg mjesta povodom projekcije kratkometra\u017enog filma \u201eMore opsena\u201c, koja je zavr\u0161ila uz sna\u017ean pljesak publike. Ve\u010der posve\u0107ena filmu protekla je u toploj i sve\u010danoj atmosferi, uz vidljivo zadovoljstvo okupljenih gledatelja. Nakon projekcije prisutnima se obratio snimatelj zvuka Nikola Peko, zahvaliv\u0161i na podr\u0161ci te najaviv\u0161i novi projekt \u2013 snimanje dugometra\u017enog filma na podru\u010dju Gradca, \u0161to je dodatno razveselilo publiku i sudionike ve\u010deri. U sklopu programa uru\u010dene su i zahvalnice svima koji su doprinijeli realizaciji filma. Me\u0111u nagra\u0111enima su na\u010delnik Op\u0107ine Gradac Matko Buri\u0107, Marija Lozina, Pero Jurec, profesorica Milica Kralj i [&hellip;]\" \/>\n<meta property=\"og:url\" content=\"https:\/\/www.klikploce.com.hr\/gradac\/more-opsena-odusevilo-publiku-u-bristu-najavljen-i-dugometrazni-film-u-gradcu\/\" \/>\n<meta property=\"og:site_name\" content=\"Klik Gradac\" \/>\n<meta property=\"article:publisher\" content=\"https:\/\/www.facebook.com\/OpcinaGradac\" \/>\n<meta property=\"article:published_time\" content=\"2026-04-27T07:24:40+00:00\" \/>\n<meta property=\"article:modified_time\" content=\"2026-04-27T07:25:44+00:00\" \/>\n<meta property=\"og:image\" content=\"https:\/\/www.klikploce.com.hr\/gradac\/wp-content\/uploads\/2026\/04\/FB_IMG_1777274017526.jpg\" \/>\n\t<meta property=\"og:image:width\" content=\"2048\" \/>\n\t<meta property=\"og:image:height\" content=\"1536\" \/>\n\t<meta property=\"og:image:type\" content=\"image\/jpeg\" \/>\n<meta name=\"author\" content=\"Klik Gradac\" \/>\n<meta name=\"twitter:card\" content=\"summary_large_image\" \/>\n<meta name=\"twitter:label1\" content=\"Napisao\/la\" \/>\n\t<meta name=\"twitter:data1\" content=\"Klik Gradac\" \/>\n\t<meta name=\"twitter:label2\" content=\"Procijenjeno vrijeme \u010ditanja\" \/>\n\t<meta name=\"twitter:data2\" content=\"2 minute\" \/>\n<script type=\"application\/ld+json\" class=\"yoast-schema-graph\">{\"@context\":\"https:\/\/schema.org\",\"@graph\":[{\"@type\":\"Article\",\"@id\":\"https:\/\/www.klikploce.com.hr\/gradac\/more-opsena-odusevilo-publiku-u-bristu-najavljen-i-dugometrazni-film-u-gradcu\/#article\",\"isPartOf\":{\"@id\":\"https:\/\/www.klikploce.com.hr\/gradac\/more-opsena-odusevilo-publiku-u-bristu-najavljen-i-dugometrazni-film-u-gradcu\/\"},\"author\":{\"name\":\"Klik Gradac\",\"@id\":\"https:\/\/www.klikploce.com.hr\/gradac\/#\/schema\/person\/4aa60e5ded58973d7970d3a3c4d37e4d\"},\"headline\":\"\u201eMore opsena\u201c odu\u0161evilo publiku u Bristu, najavljeno snimanje dugometra\u017enog filma u Gradcu\",\"datePublished\":\"2026-04-27T07:24:40+00:00\",\"dateModified\":\"2026-04-27T07:25:44+00:00\",\"mainEntityOfPage\":{\"@id\":\"https:\/\/www.klikploce.com.hr\/gradac\/more-opsena-odusevilo-publiku-u-bristu-najavljen-i-dugometrazni-film-u-gradcu\/\"},\"wordCount\":179,\"publisher\":{\"@id\":\"https:\/\/www.klikploce.com.hr\/gradac\/#organization\"},\"image\":{\"@id\":\"https:\/\/www.klikploce.com.hr\/gradac\/more-opsena-odusevilo-publiku-u-bristu-najavljen-i-dugometrazni-film-u-gradcu\/#primaryimage\"},\"thumbnailUrl\":\"https:\/\/www.klikploce.com.hr\/gradac\/wp-content\/uploads\/2026\/04\/FB_IMG_1777274017526.jpg\",\"keywords\":[\"more opsena\",\"nikola peko\"],\"articleSection\":[\"Brist\",\"Izdvojeno\"],\"inLanguage\":\"hr\"},{\"@type\":\"WebPage\",\"@id\":\"https:\/\/www.klikploce.com.hr\/gradac\/more-opsena-odusevilo-publiku-u-bristu-najavljen-i-dugometrazni-film-u-gradcu\/\",\"url\":\"https:\/\/www.klikploce.com.hr\/gradac\/more-opsena-odusevilo-publiku-u-bristu-najavljen-i-dugometrazni-film-u-gradcu\/\",\"name\":\"\u201eMore opsena\u201c odu\u0161evilo publiku u Bristu, najavljeno snimanje dugometra\u017enog filma u Gradcu - Klik Gradac\",\"isPartOf\":{\"@id\":\"https:\/\/www.klikploce.com.hr\/gradac\/#website\"},\"primaryImageOfPage\":{\"@id\":\"https:\/\/www.klikploce.com.hr\/gradac\/more-opsena-odusevilo-publiku-u-bristu-najavljen-i-dugometrazni-film-u-gradcu\/#primaryimage\"},\"image\":{\"@id\":\"https:\/\/www.klikploce.com.hr\/gradac\/more-opsena-odusevilo-publiku-u-bristu-najavljen-i-dugometrazni-film-u-gradcu\/#primaryimage\"},\"thumbnailUrl\":\"https:\/\/www.klikploce.com.hr\/gradac\/wp-content\/uploads\/2026\/04\/FB_IMG_1777274017526.jpg\",\"datePublished\":\"2026-04-27T07:24:40+00:00\",\"dateModified\":\"2026-04-27T07:25:44+00:00\",\"breadcrumb\":{\"@id\":\"https:\/\/www.klikploce.com.hr\/gradac\/more-opsena-odusevilo-publiku-u-bristu-najavljen-i-dugometrazni-film-u-gradcu\/#breadcrumb\"},\"inLanguage\":\"hr\",\"potentialAction\":[{\"@type\":\"ReadAction\",\"target\":[\"https:\/\/www.klikploce.com.hr\/gradac\/more-opsena-odusevilo-publiku-u-bristu-najavljen-i-dugometrazni-film-u-gradcu\/\"]}]},{\"@type\":\"ImageObject\",\"inLanguage\":\"hr\",\"@id\":\"https:\/\/www.klikploce.com.hr\/gradac\/more-opsena-odusevilo-publiku-u-bristu-najavljen-i-dugometrazni-film-u-gradcu\/#primaryimage\",\"url\":\"https:\/\/www.klikploce.com.hr\/gradac\/wp-content\/uploads\/2026\/04\/FB_IMG_1777274017526.jpg\",\"contentUrl\":\"https:\/\/www.klikploce.com.hr\/gradac\/wp-content\/uploads\/2026\/04\/FB_IMG_1777274017526.jpg\",\"width\":2048,\"height\":1536},{\"@type\":\"BreadcrumbList\",\"@id\":\"https:\/\/www.klikploce.com.hr\/gradac\/more-opsena-odusevilo-publiku-u-bristu-najavljen-i-dugometrazni-film-u-gradcu\/#breadcrumb\",\"itemListElement\":[{\"@type\":\"ListItem\",\"position\":1,\"name\":\"Po\u010detna stranica\",\"item\":\"https:\/\/www.klikploce.com.hr\/gradac\/\"},{\"@type\":\"ListItem\",\"position\":2,\"name\":\"\u201eMore opsena\u201c odu\u0161evilo publiku u Bristu, najavljeno snimanje dugometra\u017enog filma u Gradcu\"}]},{\"@type\":\"WebSite\",\"@id\":\"https:\/\/www.klikploce.com.hr\/gradac\/#website\",\"url\":\"https:\/\/www.klikploce.com.hr\/gradac\/\",\"name\":\"Klik Gradac\",\"description\":\"Klik Gradac\",\"publisher\":{\"@id\":\"https:\/\/www.klikploce.com.hr\/gradac\/#organization\"},\"alternateName\":\"Klik Gradac\",\"potentialAction\":[{\"@type\":\"SearchAction\",\"target\":{\"@type\":\"EntryPoint\",\"urlTemplate\":\"https:\/\/www.klikploce.com.hr\/gradac\/?s={search_term_string}\"},\"query-input\":{\"@type\":\"PropertyValueSpecification\",\"valueRequired\":true,\"valueName\":\"search_term_string\"}}],\"inLanguage\":\"hr\"},{\"@type\":\"Organization\",\"@id\":\"https:\/\/www.klikploce.com.hr\/gradac\/#organization\",\"name\":\"Klik Gradac\",\"url\":\"https:\/\/www.klikploce.com.hr\/gradac\/\",\"logo\":{\"@type\":\"ImageObject\",\"inLanguage\":\"hr\",\"@id\":\"https:\/\/www.klikploce.com.hr\/gradac\/#\/schema\/logo\/image\/\",\"url\":\"https:\/\/www.klikploce.com.hr\/gradac\/wp-content\/uploads\/2025\/02\/KLIKGRADAC.png\",\"contentUrl\":\"https:\/\/www.klikploce.com.hr\/gradac\/wp-content\/uploads\/2025\/02\/KLIKGRADAC.png\",\"width\":849,\"height\":222,\"caption\":\"Klik Gradac\"},\"image\":{\"@id\":\"https:\/\/www.klikploce.com.hr\/gradac\/#\/schema\/logo\/image\/\"},\"sameAs\":[\"https:\/\/www.facebook.com\/OpcinaGradac\"]},{\"@type\":\"Person\",\"@id\":\"https:\/\/www.klikploce.com.hr\/gradac\/#\/schema\/person\/4aa60e5ded58973d7970d3a3c4d37e4d\",\"name\":\"Klik Gradac\",\"image\":{\"@type\":\"ImageObject\",\"inLanguage\":\"hr\",\"@id\":\"https:\/\/www.klikploce.com.hr\/gradac\/#\/schema\/person\/image\/\",\"url\":\"https:\/\/secure.gravatar.com\/avatar\/d0ba1d36b11e80fab3d03d6f36ae42d9ea24590c134e8ec7d92fe7c6041b4da0?s=96&d=mm&r=g\",\"contentUrl\":\"https:\/\/secure.gravatar.com\/avatar\/d0ba1d36b11e80fab3d03d6f36ae42d9ea24590c134e8ec7d92fe7c6041b4da0?s=96&d=mm&r=g\",\"caption\":\"Klik Gradac\"},\"sameAs\":[\"https:\/\/www.klikploce.com.hr\/gradac\",\"dino.dobos\"],\"url\":\"https:\/\/www.klikploce.com.hr\/gradac\/author\/admingr\/\"}]}<\/script>\n<!-- \/ Yoast SEO plugin. -->","yoast_head_json":{"title":"\u201eMore opsena\u201c odu\u0161evilo publiku u Bristu, najavljeno snimanje dugometra\u017enog filma u Gradcu - Klik Gradac","robots":{"index":"index","follow":"follow","max-snippet":"max-snippet:-1","max-image-preview":"max-image-preview:large","max-video-preview":"max-video-preview:-1"},"canonical":"https:\/\/www.klikploce.com.hr\/gradac\/more-opsena-odusevilo-publiku-u-bristu-najavljen-i-dugometrazni-film-u-gradcu\/","og_locale":"hr_HR","og_type":"article","og_title":"\u201eMore opsena\u201c odu\u0161evilo publiku u Bristu, najavljeno snimanje dugometra\u017enog filma u Gradcu - Klik Gradac","og_description":"U petak je Dom kulture u Bristu bio ispunjen do posljednjeg mjesta povodom projekcije kratkometra\u017enog filma \u201eMore opsena\u201c, koja je zavr\u0161ila uz sna\u017ean pljesak publike. Ve\u010der posve\u0107ena filmu protekla je u toploj i sve\u010danoj atmosferi, uz vidljivo zadovoljstvo okupljenih gledatelja. Nakon projekcije prisutnima se obratio snimatelj zvuka Nikola Peko, zahvaliv\u0161i na podr\u0161ci te najaviv\u0161i novi projekt \u2013 snimanje dugometra\u017enog filma na podru\u010dju Gradca, \u0161to je dodatno razveselilo publiku i sudionike ve\u010deri. U sklopu programa uru\u010dene su i zahvalnice svima koji su doprinijeli realizaciji filma. Me\u0111u nagra\u0111enima su na\u010delnik Op\u0107ine Gradac Matko Buri\u0107, Marija Lozina, Pero Jurec, profesorica Milica Kralj i [&hellip;]","og_url":"https:\/\/www.klikploce.com.hr\/gradac\/more-opsena-odusevilo-publiku-u-bristu-najavljen-i-dugometrazni-film-u-gradcu\/","og_site_name":"Klik Gradac","article_publisher":"https:\/\/www.facebook.com\/OpcinaGradac","article_published_time":"2026-04-27T07:24:40+00:00","article_modified_time":"2026-04-27T07:25:44+00:00","og_image":[{"width":2048,"height":1536,"url":"https:\/\/www.klikploce.com.hr\/gradac\/wp-content\/uploads\/2026\/04\/FB_IMG_1777274017526.jpg","type":"image\/jpeg"}],"author":"Klik Gradac","twitter_card":"summary_large_image","twitter_misc":{"Napisao\/la":"Klik Gradac","Procijenjeno vrijeme \u010ditanja":"2 minute"},"schema":{"@context":"https:\/\/schema.org","@graph":[{"@type":"Article","@id":"https:\/\/www.klikploce.com.hr\/gradac\/more-opsena-odusevilo-publiku-u-bristu-najavljen-i-dugometrazni-film-u-gradcu\/#article","isPartOf":{"@id":"https:\/\/www.klikploce.com.hr\/gradac\/more-opsena-odusevilo-publiku-u-bristu-najavljen-i-dugometrazni-film-u-gradcu\/"},"author":{"name":"Klik Gradac","@id":"https:\/\/www.klikploce.com.hr\/gradac\/#\/schema\/person\/4aa60e5ded58973d7970d3a3c4d37e4d"},"headline":"\u201eMore opsena\u201c odu\u0161evilo publiku u Bristu, najavljeno snimanje dugometra\u017enog filma u Gradcu","datePublished":"2026-04-27T07:24:40+00:00","dateModified":"2026-04-27T07:25:44+00:00","mainEntityOfPage":{"@id":"https:\/\/www.klikploce.com.hr\/gradac\/more-opsena-odusevilo-publiku-u-bristu-najavljen-i-dugometrazni-film-u-gradcu\/"},"wordCount":179,"publisher":{"@id":"https:\/\/www.klikploce.com.hr\/gradac\/#organization"},"image":{"@id":"https:\/\/www.klikploce.com.hr\/gradac\/more-opsena-odusevilo-publiku-u-bristu-najavljen-i-dugometrazni-film-u-gradcu\/#primaryimage"},"thumbnailUrl":"https:\/\/www.klikploce.com.hr\/gradac\/wp-content\/uploads\/2026\/04\/FB_IMG_1777274017526.jpg","keywords":["more opsena","nikola peko"],"articleSection":["Brist","Izdvojeno"],"inLanguage":"hr"},{"@type":"WebPage","@id":"https:\/\/www.klikploce.com.hr\/gradac\/more-opsena-odusevilo-publiku-u-bristu-najavljen-i-dugometrazni-film-u-gradcu\/","url":"https:\/\/www.klikploce.com.hr\/gradac\/more-opsena-odusevilo-publiku-u-bristu-najavljen-i-dugometrazni-film-u-gradcu\/","name":"\u201eMore opsena\u201c odu\u0161evilo publiku u Bristu, najavljeno snimanje dugometra\u017enog filma u Gradcu - Klik Gradac","isPartOf":{"@id":"https:\/\/www.klikploce.com.hr\/gradac\/#website"},"primaryImageOfPage":{"@id":"https:\/\/www.klikploce.com.hr\/gradac\/more-opsena-odusevilo-publiku-u-bristu-najavljen-i-dugometrazni-film-u-gradcu\/#primaryimage"},"image":{"@id":"https:\/\/www.klikploce.com.hr\/gradac\/more-opsena-odusevilo-publiku-u-bristu-najavljen-i-dugometrazni-film-u-gradcu\/#primaryimage"},"thumbnailUrl":"https:\/\/www.klikploce.com.hr\/gradac\/wp-content\/uploads\/2026\/04\/FB_IMG_1777274017526.jpg","datePublished":"2026-04-27T07:24:40+00:00","dateModified":"2026-04-27T07:25:44+00:00","breadcrumb":{"@id":"https:\/\/www.klikploce.com.hr\/gradac\/more-opsena-odusevilo-publiku-u-bristu-najavljen-i-dugometrazni-film-u-gradcu\/#breadcrumb"},"inLanguage":"hr","potentialAction":[{"@type":"ReadAction","target":["https:\/\/www.klikploce.com.hr\/gradac\/more-opsena-odusevilo-publiku-u-bristu-najavljen-i-dugometrazni-film-u-gradcu\/"]}]},{"@type":"ImageObject","inLanguage":"hr","@id":"https:\/\/www.klikploce.com.hr\/gradac\/more-opsena-odusevilo-publiku-u-bristu-najavljen-i-dugometrazni-film-u-gradcu\/#primaryimage","url":"https:\/\/www.klikploce.com.hr\/gradac\/wp-content\/uploads\/2026\/04\/FB_IMG_1777274017526.jpg","contentUrl":"https:\/\/www.klikploce.com.hr\/gradac\/wp-content\/uploads\/2026\/04\/FB_IMG_1777274017526.jpg","width":2048,"height":1536},{"@type":"BreadcrumbList","@id":"https:\/\/www.klikploce.com.hr\/gradac\/more-opsena-odusevilo-publiku-u-bristu-najavljen-i-dugometrazni-film-u-gradcu\/#breadcrumb","itemListElement":[{"@type":"ListItem","position":1,"name":"Po\u010detna stranica","item":"https:\/\/www.klikploce.com.hr\/gradac\/"},{"@type":"ListItem","position":2,"name":"\u201eMore opsena\u201c odu\u0161evilo publiku u Bristu, najavljeno snimanje dugometra\u017enog filma u Gradcu"}]},{"@type":"WebSite","@id":"https:\/\/www.klikploce.com.hr\/gradac\/#website","url":"https:\/\/www.klikploce.com.hr\/gradac\/","name":"Klik Gradac","description":"Klik Gradac","publisher":{"@id":"https:\/\/www.klikploce.com.hr\/gradac\/#organization"},"alternateName":"Klik Gradac","potentialAction":[{"@type":"SearchAction","target":{"@type":"EntryPoint","urlTemplate":"https:\/\/www.klikploce.com.hr\/gradac\/?s={search_term_string}"},"query-input":{"@type":"PropertyValueSpecification","valueRequired":true,"valueName":"search_term_string"}}],"inLanguage":"hr"},{"@type":"Organization","@id":"https:\/\/www.klikploce.com.hr\/gradac\/#organization","name":"Klik Gradac","url":"https:\/\/www.klikploce.com.hr\/gradac\/","logo":{"@type":"ImageObject","inLanguage":"hr","@id":"https:\/\/www.klikploce.com.hr\/gradac\/#\/schema\/logo\/image\/","url":"https:\/\/www.klikploce.com.hr\/gradac\/wp-content\/uploads\/2025\/02\/KLIKGRADAC.png","contentUrl":"https:\/\/www.klikploce.com.hr\/gradac\/wp-content\/uploads\/2025\/02\/KLIKGRADAC.png","width":849,"height":222,"caption":"Klik Gradac"},"image":{"@id":"https:\/\/www.klikploce.com.hr\/gradac\/#\/schema\/logo\/image\/"},"sameAs":["https:\/\/www.facebook.com\/OpcinaGradac"]},{"@type":"Person","@id":"https:\/\/www.klikploce.com.hr\/gradac\/#\/schema\/person\/4aa60e5ded58973d7970d3a3c4d37e4d","name":"Klik Gradac","image":{"@type":"ImageObject","inLanguage":"hr","@id":"https:\/\/www.klikploce.com.hr\/gradac\/#\/schema\/person\/image\/","url":"https:\/\/secure.gravatar.com\/avatar\/d0ba1d36b11e80fab3d03d6f36ae42d9ea24590c134e8ec7d92fe7c6041b4da0?s=96&d=mm&r=g","contentUrl":"https:\/\/secure.gravatar.com\/avatar\/d0ba1d36b11e80fab3d03d6f36ae42d9ea24590c134e8ec7d92fe7c6041b4da0?s=96&d=mm&r=g","caption":"Klik Gradac"},"sameAs":["https:\/\/www.klikploce.com.hr\/gradac","dino.dobos"],"url":"https:\/\/www.klikploce.com.hr\/gradac\/author\/admingr\/"}]}},"_links":{"self":[{"href":"https:\/\/www.klikploce.com.hr\/gradac\/wp-json\/wp\/v2\/posts\/1373","targetHints":{"allow":["GET"]}}],"collection":[{"href":"https:\/\/www.klikploce.com.hr\/gradac\/wp-json\/wp\/v2\/posts"}],"about":[{"href":"https:\/\/www.klikploce.com.hr\/gradac\/wp-json\/wp\/v2\/types\/post"}],"author":[{"embeddable":true,"href":"https:\/\/www.klikploce.com.hr\/gradac\/wp-json\/wp\/v2\/users\/1"}],"replies":[{"embeddable":true,"href":"https:\/\/www.klikploce.com.hr\/gradac\/wp-json\/wp\/v2\/comments?post=1373"}],"version-history":[{"count":2,"href":"https:\/\/www.klikploce.com.hr\/gradac\/wp-json\/wp\/v2\/posts\/1373\/revisions"}],"predecessor-version":[{"id":1381,"href":"https:\/\/www.klikploce.com.hr\/gradac\/wp-json\/wp\/v2\/posts\/1373\/revisions\/1381"}],"wp:featuredmedia":[{"embeddable":true,"href":"https:\/\/www.klikploce.com.hr\/gradac\/wp-json\/wp\/v2\/media\/1379"}],"wp:attachment":[{"href":"https:\/\/www.klikploce.com.hr\/gradac\/wp-json\/wp\/v2\/media?parent=1373"}],"wp:term":[{"taxonomy":"category","embeddable":true,"href":"https:\/\/www.klikploce.com.hr\/gradac\/wp-json\/wp\/v2\/categories?post=1373"},{"taxonomy":"post_tag","embeddable":true,"href":"https:\/\/www.klikploce.com.hr\/gradac\/wp-json\/wp\/v2\/tags?post=1373"}],"curies":[{"name":"wp","href":"https:\/\/api.w.org\/{rel}","templated":true}]}}