{"id":1369,"date":"2026-04-26T12:04:53","date_gmt":"2026-04-26T10:04:53","guid":{"rendered":"https:\/\/www.klikploce.com.hr\/gradac\/?p=1369"},"modified":"2026-04-26T12:08:27","modified_gmt":"2026-04-26T10:08:27","slug":"drvenicke-stine-ponovno-spojile-vrgorac-i-drvenik-tradicija-koja-zivi-kroz-korake-planinara","status":"publish","type":"post","link":"https:\/\/www.klikploce.com.hr\/gradac\/drvenicke-stine-ponovno-spojile-vrgorac-i-drvenik-tradicija-koja-zivi-kroz-korake-planinara\/","title":{"rendered":"Drveni\u010dke stine ponovno spojile Vrgorac i Drvenik: tradicija koja \u017eivi kroz korake planinara"},"content":{"rendered":"<p>Tradicionalni susret planinara na Drveni\u010dkim stinama i ove je godine okupio zaljubljenike u prirodu, potvr\u0111uju\u0107i sna\u017enu povezanost Vrgorca i Drvenika. U organizaciji Turisti\u010dke zajednice Vrgorac, Turisti\u010dke zajednice Drvenik i HPD-a Vrgorac, izlet odr\u017ean 26. travnja nastavio je pri\u010du dugu deset godina \u2013 upravo na tom mjestu 2015. godine odr\u017eana je osniva\u010dka skup\u0161tina HPD-a Vrgorac.<\/p>\n<p>Planinari su ove godine krenuli iz Vi\u0161njice, stazom preko Rili\u0107a, nekada jednom od rijetkih poveznica izme\u0111u Vrgorske krajine i primorja. Povijesnu va\u017enost ove rute potvr\u0111uje i \u010dinjenica da je njome prolazio poznati putopisac i prirodoslovac Alberto Fortis, koji ju je opisao u svom djelu \u201ePut po Dalmaciji\u201c jo\u0161 1774. godine.<\/p>\n<p>Staza poznata kao Drveni\u010dke stine i danas simboli\u010dno spaja ova dva kraja, a ovogodi\u0161nji susret okupio je 47 planinara. Posebnu pozornost privukla je gospo\u0111a Sonja iz Drvenika koja je sa svojih 80 godina jo\u0161 jednom pokazala kako ljubav prema planinarenju i dru\u017eenju ne poznaje granice.<\/p>\n<p>Nakon uspona i zajedni\u010dkog dru\u017eenja na stazi, sudionici su se uputili prema Vrgorcu, gdje je susret nastavljen uz okrjepu i ugodno dru\u017eenje u Izleti\u0161tu Andrija u Kotezima.<\/p>\n<p>Ovaj susret, koji iz godine u godinu okuplja sve ve\u0107i broj sudionika, jo\u0161 jednom je potvrdio koliko su va\u017ene veze koje od davnina povezuju vrgorski kraj i Gornje makarsko primorje \u2013 kroz prirodu, ljude i zajedni\u010dke uspomene. Organizatori su zahvalili svima koji su sudjelovali te poru\u010dili \u2013 vidimo se i dogodine.<\/p>\n<p>Foto: Ana Mihaljevi\u0107 \/ print screen<\/p>\n","protected":false},"excerpt":{"rendered":"<p>Tradicionalni susret planinara na Drveni\u010dkim stinama i ove je godine okupio zaljubljenike u prirodu, potvr\u0111uju\u0107i sna\u017enu povezanost Vrgorca i Drvenika. U organizaciji Turisti\u010dke zajednice Vrgorac, Turisti\u010dke zajednice Drvenik i HPD-a Vrgorac, izlet odr\u017ean 26. travnja nastavio je pri\u010du dugu deset godina \u2013 upravo na tom mjestu 2015. godine odr\u017eana je osniva\u010dka skup\u0161tina HPD-a Vrgorac. Planinari su ove godine krenuli iz Vi\u0161njice, stazom preko Rili\u0107a, nekada jednom od rijetkih poveznica izme\u0111u Vrgorske krajine i primorja. Povijesnu va\u017enost ove rute potvr\u0111uje i \u010dinjenica da je njome prolazio poznati putopisac i prirodoslovac Alberto Fortis, koji ju je opisao u svom djelu \u201ePut po [&hellip;]<\/p>\n","protected":false},"author":1,"featured_media":1370,"comment_status":"closed","ping_status":"closed","sticky":false,"template":"","format":"standard","meta":{"footnotes":""},"categories":[11,6],"tags":[181,182],"class_list":["post-1369","post","type-post","status-publish","format-standard","has-post-thumbnail","hentry","category-drvenik","category-izdvojeno","tag-drvenicke-stine","tag-hpd-vrgorac"],"yoast_head":"<!-- This site is optimized with the Yoast SEO plugin v24.4 - https:\/\/yoast.com\/wordpress\/plugins\/seo\/ -->\n<title>Drveni\u010dke stine ponovno spojile Vrgorac i Drvenik: tradicija koja \u017eivi kroz korake planinara - Klik Gradac<\/title>\n<meta name=\"robots\" content=\"index, follow, max-snippet:-1, max-image-preview:large, max-video-preview:-1\" \/>\n<link rel=\"canonical\" href=\"https:\/\/www.klikploce.com.hr\/gradac\/drvenicke-stine-ponovno-spojile-vrgorac-i-drvenik-tradicija-koja-zivi-kroz-korake-planinara\/\" \/>\n<meta property=\"og:locale\" content=\"hr_HR\" \/>\n<meta property=\"og:type\" content=\"article\" \/>\n<meta property=\"og:title\" content=\"Drveni\u010dke stine ponovno spojile Vrgorac i Drvenik: tradicija koja \u017eivi kroz korake planinara - Klik Gradac\" \/>\n<meta property=\"og:description\" content=\"Tradicionalni susret planinara na Drveni\u010dkim stinama i ove je godine okupio zaljubljenike u prirodu, potvr\u0111uju\u0107i sna\u017enu povezanost Vrgorca i Drvenika. U organizaciji Turisti\u010dke zajednice Vrgorac, Turisti\u010dke zajednice Drvenik i HPD-a Vrgorac, izlet odr\u017ean 26. travnja nastavio je pri\u010du dugu deset godina \u2013 upravo na tom mjestu 2015. godine odr\u017eana je osniva\u010dka skup\u0161tina HPD-a Vrgorac. Planinari su ove godine krenuli iz Vi\u0161njice, stazom preko Rili\u0107a, nekada jednom od rijetkih poveznica izme\u0111u Vrgorske krajine i primorja. Povijesnu va\u017enost ove rute potvr\u0111uje i \u010dinjenica da je njome prolazio poznati putopisac i prirodoslovac Alberto Fortis, koji ju je opisao u svom djelu \u201ePut po [&hellip;]\" \/>\n<meta property=\"og:url\" content=\"https:\/\/www.klikploce.com.hr\/gradac\/drvenicke-stine-ponovno-spojile-vrgorac-i-drvenik-tradicija-koja-zivi-kroz-korake-planinara\/\" \/>\n<meta property=\"og:site_name\" content=\"Klik Gradac\" \/>\n<meta property=\"article:publisher\" content=\"https:\/\/www.facebook.com\/OpcinaGradac\" \/>\n<meta property=\"article:published_time\" content=\"2026-04-26T10:04:53+00:00\" \/>\n<meta property=\"article:modified_time\" content=\"2026-04-26T10:08:27+00:00\" \/>\n<meta property=\"og:image\" content=\"https:\/\/www.klikploce.com.hr\/gradac\/wp-content\/uploads\/2026\/04\/GridArt_20260426_120425808-scaled.jpg\" \/>\n\t<meta property=\"og:image:width\" content=\"2560\" \/>\n\t<meta property=\"og:image:height\" content=\"2048\" \/>\n\t<meta property=\"og:image:type\" content=\"image\/jpeg\" \/>\n<meta name=\"author\" content=\"Klik Gradac\" \/>\n<meta name=\"twitter:card\" content=\"summary_large_image\" \/>\n<meta name=\"twitter:label1\" content=\"Napisao\/la\" \/>\n\t<meta name=\"twitter:data1\" content=\"Klik Gradac\" \/>\n\t<meta name=\"twitter:label2\" content=\"Procijenjeno vrijeme \u010ditanja\" \/>\n\t<meta name=\"twitter:data2\" content=\"2 minute\" \/>\n<script type=\"application\/ld+json\" class=\"yoast-schema-graph\">{\"@context\":\"https:\/\/schema.org\",\"@graph\":[{\"@type\":\"Article\",\"@id\":\"https:\/\/www.klikploce.com.hr\/gradac\/drvenicke-stine-ponovno-spojile-vrgorac-i-drvenik-tradicija-koja-zivi-kroz-korake-planinara\/#article\",\"isPartOf\":{\"@id\":\"https:\/\/www.klikploce.com.hr\/gradac\/drvenicke-stine-ponovno-spojile-vrgorac-i-drvenik-tradicija-koja-zivi-kroz-korake-planinara\/\"},\"author\":{\"name\":\"Klik Gradac\",\"@id\":\"https:\/\/www.klikploce.com.hr\/gradac\/#\/schema\/person\/4aa60e5ded58973d7970d3a3c4d37e4d\"},\"headline\":\"Drveni\u010dke stine ponovno spojile Vrgorac i Drvenik: tradicija koja \u017eivi kroz korake planinara\",\"datePublished\":\"2026-04-26T10:04:53+00:00\",\"dateModified\":\"2026-04-26T10:08:27+00:00\",\"mainEntityOfPage\":{\"@id\":\"https:\/\/www.klikploce.com.hr\/gradac\/drvenicke-stine-ponovno-spojile-vrgorac-i-drvenik-tradicija-koja-zivi-kroz-korake-planinara\/\"},\"wordCount\":267,\"publisher\":{\"@id\":\"https:\/\/www.klikploce.com.hr\/gradac\/#organization\"},\"image\":{\"@id\":\"https:\/\/www.klikploce.com.hr\/gradac\/drvenicke-stine-ponovno-spojile-vrgorac-i-drvenik-tradicija-koja-zivi-kroz-korake-planinara\/#primaryimage\"},\"thumbnailUrl\":\"https:\/\/www.klikploce.com.hr\/gradac\/wp-content\/uploads\/2026\/04\/GridArt_20260426_120425808-scaled.jpg\",\"keywords\":[\"drveni\u010dke stine\",\"hpd vrgorac\"],\"articleSection\":[\"Drvenik\",\"Izdvojeno\"],\"inLanguage\":\"hr\"},{\"@type\":\"WebPage\",\"@id\":\"https:\/\/www.klikploce.com.hr\/gradac\/drvenicke-stine-ponovno-spojile-vrgorac-i-drvenik-tradicija-koja-zivi-kroz-korake-planinara\/\",\"url\":\"https:\/\/www.klikploce.com.hr\/gradac\/drvenicke-stine-ponovno-spojile-vrgorac-i-drvenik-tradicija-koja-zivi-kroz-korake-planinara\/\",\"name\":\"Drveni\u010dke stine ponovno spojile Vrgorac i Drvenik: tradicija koja \u017eivi kroz korake planinara - Klik Gradac\",\"isPartOf\":{\"@id\":\"https:\/\/www.klikploce.com.hr\/gradac\/#website\"},\"primaryImageOfPage\":{\"@id\":\"https:\/\/www.klikploce.com.hr\/gradac\/drvenicke-stine-ponovno-spojile-vrgorac-i-drvenik-tradicija-koja-zivi-kroz-korake-planinara\/#primaryimage\"},\"image\":{\"@id\":\"https:\/\/www.klikploce.com.hr\/gradac\/drvenicke-stine-ponovno-spojile-vrgorac-i-drvenik-tradicija-koja-zivi-kroz-korake-planinara\/#primaryimage\"},\"thumbnailUrl\":\"https:\/\/www.klikploce.com.hr\/gradac\/wp-content\/uploads\/2026\/04\/GridArt_20260426_120425808-scaled.jpg\",\"datePublished\":\"2026-04-26T10:04:53+00:00\",\"dateModified\":\"2026-04-26T10:08:27+00:00\",\"breadcrumb\":{\"@id\":\"https:\/\/www.klikploce.com.hr\/gradac\/drvenicke-stine-ponovno-spojile-vrgorac-i-drvenik-tradicija-koja-zivi-kroz-korake-planinara\/#breadcrumb\"},\"inLanguage\":\"hr\",\"potentialAction\":[{\"@type\":\"ReadAction\",\"target\":[\"https:\/\/www.klikploce.com.hr\/gradac\/drvenicke-stine-ponovno-spojile-vrgorac-i-drvenik-tradicija-koja-zivi-kroz-korake-planinara\/\"]}]},{\"@type\":\"ImageObject\",\"inLanguage\":\"hr\",\"@id\":\"https:\/\/www.klikploce.com.hr\/gradac\/drvenicke-stine-ponovno-spojile-vrgorac-i-drvenik-tradicija-koja-zivi-kroz-korake-planinara\/#primaryimage\",\"url\":\"https:\/\/www.klikploce.com.hr\/gradac\/wp-content\/uploads\/2026\/04\/GridArt_20260426_120425808-scaled.jpg\",\"contentUrl\":\"https:\/\/www.klikploce.com.hr\/gradac\/wp-content\/uploads\/2026\/04\/GridArt_20260426_120425808-scaled.jpg\",\"width\":2560,\"height\":2048},{\"@type\":\"BreadcrumbList\",\"@id\":\"https:\/\/www.klikploce.com.hr\/gradac\/drvenicke-stine-ponovno-spojile-vrgorac-i-drvenik-tradicija-koja-zivi-kroz-korake-planinara\/#breadcrumb\",\"itemListElement\":[{\"@type\":\"ListItem\",\"position\":1,\"name\":\"Po\u010detna stranica\",\"item\":\"https:\/\/www.klikploce.com.hr\/gradac\/\"},{\"@type\":\"ListItem\",\"position\":2,\"name\":\"Drveni\u010dke stine ponovno spojile Vrgorac i Drvenik: tradicija koja \u017eivi kroz korake planinara\"}]},{\"@type\":\"WebSite\",\"@id\":\"https:\/\/www.klikploce.com.hr\/gradac\/#website\",\"url\":\"https:\/\/www.klikploce.com.hr\/gradac\/\",\"name\":\"Klik Gradac\",\"description\":\"Klik Gradac\",\"publisher\":{\"@id\":\"https:\/\/www.klikploce.com.hr\/gradac\/#organization\"},\"alternateName\":\"Klik Gradac\",\"potentialAction\":[{\"@type\":\"SearchAction\",\"target\":{\"@type\":\"EntryPoint\",\"urlTemplate\":\"https:\/\/www.klikploce.com.hr\/gradac\/?s={search_term_string}\"},\"query-input\":{\"@type\":\"PropertyValueSpecification\",\"valueRequired\":true,\"valueName\":\"search_term_string\"}}],\"inLanguage\":\"hr\"},{\"@type\":\"Organization\",\"@id\":\"https:\/\/www.klikploce.com.hr\/gradac\/#organization\",\"name\":\"Klik Gradac\",\"url\":\"https:\/\/www.klikploce.com.hr\/gradac\/\",\"logo\":{\"@type\":\"ImageObject\",\"inLanguage\":\"hr\",\"@id\":\"https:\/\/www.klikploce.com.hr\/gradac\/#\/schema\/logo\/image\/\",\"url\":\"https:\/\/www.klikploce.com.hr\/gradac\/wp-content\/uploads\/2025\/02\/KLIKGRADAC.png\",\"contentUrl\":\"https:\/\/www.klikploce.com.hr\/gradac\/wp-content\/uploads\/2025\/02\/KLIKGRADAC.png\",\"width\":849,\"height\":222,\"caption\":\"Klik Gradac\"},\"image\":{\"@id\":\"https:\/\/www.klikploce.com.hr\/gradac\/#\/schema\/logo\/image\/\"},\"sameAs\":[\"https:\/\/www.facebook.com\/OpcinaGradac\"]},{\"@type\":\"Person\",\"@id\":\"https:\/\/www.klikploce.com.hr\/gradac\/#\/schema\/person\/4aa60e5ded58973d7970d3a3c4d37e4d\",\"name\":\"Klik Gradac\",\"image\":{\"@type\":\"ImageObject\",\"inLanguage\":\"hr\",\"@id\":\"https:\/\/www.klikploce.com.hr\/gradac\/#\/schema\/person\/image\/\",\"url\":\"https:\/\/secure.gravatar.com\/avatar\/d0ba1d36b11e80fab3d03d6f36ae42d9ea24590c134e8ec7d92fe7c6041b4da0?s=96&d=mm&r=g\",\"contentUrl\":\"https:\/\/secure.gravatar.com\/avatar\/d0ba1d36b11e80fab3d03d6f36ae42d9ea24590c134e8ec7d92fe7c6041b4da0?s=96&d=mm&r=g\",\"caption\":\"Klik Gradac\"},\"sameAs\":[\"https:\/\/www.klikploce.com.hr\/gradac\",\"dino.dobos\"],\"url\":\"https:\/\/www.klikploce.com.hr\/gradac\/author\/admingr\/\"}]}<\/script>\n<!-- \/ Yoast SEO plugin. -->","yoast_head_json":{"title":"Drveni\u010dke stine ponovno spojile Vrgorac i Drvenik: tradicija koja \u017eivi kroz korake planinara - Klik Gradac","robots":{"index":"index","follow":"follow","max-snippet":"max-snippet:-1","max-image-preview":"max-image-preview:large","max-video-preview":"max-video-preview:-1"},"canonical":"https:\/\/www.klikploce.com.hr\/gradac\/drvenicke-stine-ponovno-spojile-vrgorac-i-drvenik-tradicija-koja-zivi-kroz-korake-planinara\/","og_locale":"hr_HR","og_type":"article","og_title":"Drveni\u010dke stine ponovno spojile Vrgorac i Drvenik: tradicija koja \u017eivi kroz korake planinara - Klik Gradac","og_description":"Tradicionalni susret planinara na Drveni\u010dkim stinama i ove je godine okupio zaljubljenike u prirodu, potvr\u0111uju\u0107i sna\u017enu povezanost Vrgorca i Drvenika. U organizaciji Turisti\u010dke zajednice Vrgorac, Turisti\u010dke zajednice Drvenik i HPD-a Vrgorac, izlet odr\u017ean 26. travnja nastavio je pri\u010du dugu deset godina \u2013 upravo na tom mjestu 2015. godine odr\u017eana je osniva\u010dka skup\u0161tina HPD-a Vrgorac. Planinari su ove godine krenuli iz Vi\u0161njice, stazom preko Rili\u0107a, nekada jednom od rijetkih poveznica izme\u0111u Vrgorske krajine i primorja. Povijesnu va\u017enost ove rute potvr\u0111uje i \u010dinjenica da je njome prolazio poznati putopisac i prirodoslovac Alberto Fortis, koji ju je opisao u svom djelu \u201ePut po [&hellip;]","og_url":"https:\/\/www.klikploce.com.hr\/gradac\/drvenicke-stine-ponovno-spojile-vrgorac-i-drvenik-tradicija-koja-zivi-kroz-korake-planinara\/","og_site_name":"Klik Gradac","article_publisher":"https:\/\/www.facebook.com\/OpcinaGradac","article_published_time":"2026-04-26T10:04:53+00:00","article_modified_time":"2026-04-26T10:08:27+00:00","og_image":[{"width":2560,"height":2048,"url":"https:\/\/www.klikploce.com.hr\/gradac\/wp-content\/uploads\/2026\/04\/GridArt_20260426_120425808-scaled.jpg","type":"image\/jpeg"}],"author":"Klik Gradac","twitter_card":"summary_large_image","twitter_misc":{"Napisao\/la":"Klik Gradac","Procijenjeno vrijeme \u010ditanja":"2 minute"},"schema":{"@context":"https:\/\/schema.org","@graph":[{"@type":"Article","@id":"https:\/\/www.klikploce.com.hr\/gradac\/drvenicke-stine-ponovno-spojile-vrgorac-i-drvenik-tradicija-koja-zivi-kroz-korake-planinara\/#article","isPartOf":{"@id":"https:\/\/www.klikploce.com.hr\/gradac\/drvenicke-stine-ponovno-spojile-vrgorac-i-drvenik-tradicija-koja-zivi-kroz-korake-planinara\/"},"author":{"name":"Klik Gradac","@id":"https:\/\/www.klikploce.com.hr\/gradac\/#\/schema\/person\/4aa60e5ded58973d7970d3a3c4d37e4d"},"headline":"Drveni\u010dke stine ponovno spojile Vrgorac i Drvenik: tradicija koja \u017eivi kroz korake planinara","datePublished":"2026-04-26T10:04:53+00:00","dateModified":"2026-04-26T10:08:27+00:00","mainEntityOfPage":{"@id":"https:\/\/www.klikploce.com.hr\/gradac\/drvenicke-stine-ponovno-spojile-vrgorac-i-drvenik-tradicija-koja-zivi-kroz-korake-planinara\/"},"wordCount":267,"publisher":{"@id":"https:\/\/www.klikploce.com.hr\/gradac\/#organization"},"image":{"@id":"https:\/\/www.klikploce.com.hr\/gradac\/drvenicke-stine-ponovno-spojile-vrgorac-i-drvenik-tradicija-koja-zivi-kroz-korake-planinara\/#primaryimage"},"thumbnailUrl":"https:\/\/www.klikploce.com.hr\/gradac\/wp-content\/uploads\/2026\/04\/GridArt_20260426_120425808-scaled.jpg","keywords":["drveni\u010dke stine","hpd vrgorac"],"articleSection":["Drvenik","Izdvojeno"],"inLanguage":"hr"},{"@type":"WebPage","@id":"https:\/\/www.klikploce.com.hr\/gradac\/drvenicke-stine-ponovno-spojile-vrgorac-i-drvenik-tradicija-koja-zivi-kroz-korake-planinara\/","url":"https:\/\/www.klikploce.com.hr\/gradac\/drvenicke-stine-ponovno-spojile-vrgorac-i-drvenik-tradicija-koja-zivi-kroz-korake-planinara\/","name":"Drveni\u010dke stine ponovno spojile Vrgorac i Drvenik: tradicija koja \u017eivi kroz korake planinara - Klik Gradac","isPartOf":{"@id":"https:\/\/www.klikploce.com.hr\/gradac\/#website"},"primaryImageOfPage":{"@id":"https:\/\/www.klikploce.com.hr\/gradac\/drvenicke-stine-ponovno-spojile-vrgorac-i-drvenik-tradicija-koja-zivi-kroz-korake-planinara\/#primaryimage"},"image":{"@id":"https:\/\/www.klikploce.com.hr\/gradac\/drvenicke-stine-ponovno-spojile-vrgorac-i-drvenik-tradicija-koja-zivi-kroz-korake-planinara\/#primaryimage"},"thumbnailUrl":"https:\/\/www.klikploce.com.hr\/gradac\/wp-content\/uploads\/2026\/04\/GridArt_20260426_120425808-scaled.jpg","datePublished":"2026-04-26T10:04:53+00:00","dateModified":"2026-04-26T10:08:27+00:00","breadcrumb":{"@id":"https:\/\/www.klikploce.com.hr\/gradac\/drvenicke-stine-ponovno-spojile-vrgorac-i-drvenik-tradicija-koja-zivi-kroz-korake-planinara\/#breadcrumb"},"inLanguage":"hr","potentialAction":[{"@type":"ReadAction","target":["https:\/\/www.klikploce.com.hr\/gradac\/drvenicke-stine-ponovno-spojile-vrgorac-i-drvenik-tradicija-koja-zivi-kroz-korake-planinara\/"]}]},{"@type":"ImageObject","inLanguage":"hr","@id":"https:\/\/www.klikploce.com.hr\/gradac\/drvenicke-stine-ponovno-spojile-vrgorac-i-drvenik-tradicija-koja-zivi-kroz-korake-planinara\/#primaryimage","url":"https:\/\/www.klikploce.com.hr\/gradac\/wp-content\/uploads\/2026\/04\/GridArt_20260426_120425808-scaled.jpg","contentUrl":"https:\/\/www.klikploce.com.hr\/gradac\/wp-content\/uploads\/2026\/04\/GridArt_20260426_120425808-scaled.jpg","width":2560,"height":2048},{"@type":"BreadcrumbList","@id":"https:\/\/www.klikploce.com.hr\/gradac\/drvenicke-stine-ponovno-spojile-vrgorac-i-drvenik-tradicija-koja-zivi-kroz-korake-planinara\/#breadcrumb","itemListElement":[{"@type":"ListItem","position":1,"name":"Po\u010detna stranica","item":"https:\/\/www.klikploce.com.hr\/gradac\/"},{"@type":"ListItem","position":2,"name":"Drveni\u010dke stine ponovno spojile Vrgorac i Drvenik: tradicija koja \u017eivi kroz korake planinara"}]},{"@type":"WebSite","@id":"https:\/\/www.klikploce.com.hr\/gradac\/#website","url":"https:\/\/www.klikploce.com.hr\/gradac\/","name":"Klik Gradac","description":"Klik Gradac","publisher":{"@id":"https:\/\/www.klikploce.com.hr\/gradac\/#organization"},"alternateName":"Klik Gradac","potentialAction":[{"@type":"SearchAction","target":{"@type":"EntryPoint","urlTemplate":"https:\/\/www.klikploce.com.hr\/gradac\/?s={search_term_string}"},"query-input":{"@type":"PropertyValueSpecification","valueRequired":true,"valueName":"search_term_string"}}],"inLanguage":"hr"},{"@type":"Organization","@id":"https:\/\/www.klikploce.com.hr\/gradac\/#organization","name":"Klik Gradac","url":"https:\/\/www.klikploce.com.hr\/gradac\/","logo":{"@type":"ImageObject","inLanguage":"hr","@id":"https:\/\/www.klikploce.com.hr\/gradac\/#\/schema\/logo\/image\/","url":"https:\/\/www.klikploce.com.hr\/gradac\/wp-content\/uploads\/2025\/02\/KLIKGRADAC.png","contentUrl":"https:\/\/www.klikploce.com.hr\/gradac\/wp-content\/uploads\/2025\/02\/KLIKGRADAC.png","width":849,"height":222,"caption":"Klik Gradac"},"image":{"@id":"https:\/\/www.klikploce.com.hr\/gradac\/#\/schema\/logo\/image\/"},"sameAs":["https:\/\/www.facebook.com\/OpcinaGradac"]},{"@type":"Person","@id":"https:\/\/www.klikploce.com.hr\/gradac\/#\/schema\/person\/4aa60e5ded58973d7970d3a3c4d37e4d","name":"Klik Gradac","image":{"@type":"ImageObject","inLanguage":"hr","@id":"https:\/\/www.klikploce.com.hr\/gradac\/#\/schema\/person\/image\/","url":"https:\/\/secure.gravatar.com\/avatar\/d0ba1d36b11e80fab3d03d6f36ae42d9ea24590c134e8ec7d92fe7c6041b4da0?s=96&d=mm&r=g","contentUrl":"https:\/\/secure.gravatar.com\/avatar\/d0ba1d36b11e80fab3d03d6f36ae42d9ea24590c134e8ec7d92fe7c6041b4da0?s=96&d=mm&r=g","caption":"Klik Gradac"},"sameAs":["https:\/\/www.klikploce.com.hr\/gradac","dino.dobos"],"url":"https:\/\/www.klikploce.com.hr\/gradac\/author\/admingr\/"}]}},"_links":{"self":[{"href":"https:\/\/www.klikploce.com.hr\/gradac\/wp-json\/wp\/v2\/posts\/1369","targetHints":{"allow":["GET"]}}],"collection":[{"href":"https:\/\/www.klikploce.com.hr\/gradac\/wp-json\/wp\/v2\/posts"}],"about":[{"href":"https:\/\/www.klikploce.com.hr\/gradac\/wp-json\/wp\/v2\/types\/post"}],"author":[{"embeddable":true,"href":"https:\/\/www.klikploce.com.hr\/gradac\/wp-json\/wp\/v2\/users\/1"}],"replies":[{"embeddable":true,"href":"https:\/\/www.klikploce.com.hr\/gradac\/wp-json\/wp\/v2\/comments?post=1369"}],"version-history":[{"count":2,"href":"https:\/\/www.klikploce.com.hr\/gradac\/wp-json\/wp\/v2\/posts\/1369\/revisions"}],"predecessor-version":[{"id":1372,"href":"https:\/\/www.klikploce.com.hr\/gradac\/wp-json\/wp\/v2\/posts\/1369\/revisions\/1372"}],"wp:featuredmedia":[{"embeddable":true,"href":"https:\/\/www.klikploce.com.hr\/gradac\/wp-json\/wp\/v2\/media\/1370"}],"wp:attachment":[{"href":"https:\/\/www.klikploce.com.hr\/gradac\/wp-json\/wp\/v2\/media?parent=1369"}],"wp:term":[{"taxonomy":"category","embeddable":true,"href":"https:\/\/www.klikploce.com.hr\/gradac\/wp-json\/wp\/v2\/categories?post=1369"},{"taxonomy":"post_tag","embeddable":true,"href":"https:\/\/www.klikploce.com.hr\/gradac\/wp-json\/wp\/v2\/tags?post=1369"}],"curies":[{"name":"wp","href":"https:\/\/api.w.org\/{rel}","templated":true}]}}